{"id":104014,"date":"2018-02-22T21:39:47","date_gmt":"2018-02-22T21:39:47","guid":{"rendered":"http:\/\/elluchador.info\/web\/?p=104014"},"modified":"2018-02-22T21:39:47","modified_gmt":"2018-02-22T21:39:47","slug":"penaranda-se-levanta-tras-la-sancion","status":"publish","type":"post","link":"https:\/\/elluchador.info\/?p=104014","title":{"rendered":"Pe\u00f1aranda se levanta tras la sanci\u00f3n"},"content":{"rendered":"<h2 class=\"cont-entradilla-art\">Keko sigue con su sobrecarga, Pe\u00f1aranda trabaj\u00f3 en el gimnasio Andr\u00e9s Prieto, el portero suplente de Roberto est\u00e1 tocado y es duda para ir a Bilbao.<\/h2>\n<p><strong>Keko Gont\u00e1n ha trabajado al margen del grupo<\/strong>. Sufre una sobrecarga en su pierna izquierda y se espera su que pueda reincorporarse hoy o a m\u00e1s tardar ma\u00f1ana en la v\u00edspera del partido contra el Athletic. El jugador se ejercit\u00f3 junto al readaptador, Hugo Camarero.<br \/>\nLa buena noticia fue que Fede Ricca pis\u00f3 c\u00e9sped por primera vez despu\u00e9s de la lesi\u00f3n en sus isquiotibiales derechos que le impidi\u00f3 a \u00faltima hora jugar el partido contra el Valencia. El uruguayo no estar\u00e1 disponible para los dos pr\u00f3ximos partidos en San Mam\u00e9s (este domingo) y contra el Sevilla (pr\u00f3ximo mi\u00e9rcoles).<\/p>\n<div id=\"gtp_diarioas_19753-INTEXT\" data-google-query-id=\"CJew4ZO8utkCFYwUhgodWmoHAQ\">\n<div id=\"google_ads_iframe_\/7811748\/as_web\/venezuela\/futbol\/intext_0__container__\"><iframe id=\"google_ads_iframe_\/7811748\/as_web\/venezuela\/futbol\/intext_0\" title=\"3rd party ad content\" name=\"google_ads_iframe_\/7811748\/as_web\/venezuela\/futbol\/intext_0\" width=\"1\" height=\"1\" frameborder=\"0\" marginwidth=\"0\" marginheight=\"0\" scrolling=\"no\" data-mce-fragment=\"1\"><\/iframe><\/div>\n<\/div>\n<p><strong>Adalberto Pe\u00f1aranda e Ignasi Miquel estuvieron en el gimnasio<\/strong>, \u00e9ste \u00faltimo por precauci\u00f3n, para cuidar sus molestias. El catal\u00e1n no podr\u00e1 jugar el pr\u00f3ximo encuentro por sanci\u00f3n mientras que\u00a0<strong>el venezolano se ha tomado en serio su recuperaci\u00f3n tras la sanci\u00f3n que le impuso el club la semana pasada por llegar tarde a tres entrenamientos. Mejora de su lesi\u00f3n de isquitibilales.<\/strong><\/p>\n<p><strong>Adem\u00e1s, alarma en la porter\u00eda. Andr\u00e9s Prieto se retir\u00f3 de la sesi\u00f3n por molestias lumbares<\/strong>. Lo que le faltaba al M\u00e1laga. El cancerbero alicantino ser\u00e1 sometido a pruebas para calibrar su estado. La premura de tiempo conlleva que no se pueda dar por seguro su convocatoria para el pr\u00f3ximo compromiso. Esto quiere decir que el te\u00f3rico suplente de Roberto Jim\u00e9nez podr\u00eda ser Kellyan, portero del Atl\u00e9tico Malague\u00f1o, el filial de Tercera Divisi\u00f3n.<br \/>\nOtro portero, Cenk G\u00f6nen, tampoco se ejercit\u00f3 por molestias en un hombro. Como es conocido, el turco no tiene ficha federativa aunque sigue perteneciendo al M\u00e1laga. Esta temporada no puede jugar.<\/p>\n<p><strong>En otro orden de cosas el central del filial Ian Soler, que tiene opciones de completar la lista ante las bajas de efectivos en defensa,<\/strong>\u00a0se entren\u00f3 con el primer equipo. Ya es un asiduo trabajando con los mayores.<\/p>\n<section class=\"sumario-ficha\">\n<div class=\"cont-ficha ficha-equipo\"><\/div>\n<\/section>\n","protected":false},"excerpt":{"rendered":"<p>Keko sigue con su sobrecarga, Pe\u00f1aranda trabaj\u00f3 en el gimnasio Andr\u00e9s Prieto, el portero suplente de Roberto est\u00e1 tocado y es duda para ir a Bilbao. Keko Gont\u00e1n ha trabajado al margen del grupo. Sufre una sobrecarga en su pierna izquierda y se espera su que pueda reincorporarse hoy o a m\u00e1s tardar ma\u00f1ana en [&hellip;]<\/p>\n","protected":false},"author":2,"featured_media":104019,"comment_status":"closed","ping_status":"closed","sticky":false,"template":"","format":"standard","meta":{"footnotes":""},"categories":[4,5],"tags":[],"class_list":{"0":"post-104014","1":"post","2":"type-post","3":"status-publish","4":"format-standard","5":"has-post-thumbnail","7":"category-deportes","8":"category-destacado"},"_links":{"self":[{"href":"https:\/\/elluchador.info\/index.php?rest_route=\/wp\/v2\/posts\/104014","targetHints":{"allow":["GET"]}}],"collection":[{"href":"https:\/\/elluchador.info\/index.php?rest_route=\/wp\/v2\/posts"}],"about":[{"href":"https:\/\/elluchador.info\/index.php?rest_route=\/wp\/v2\/types\/post"}],"author":[{"embeddable":true,"href":"https:\/\/elluchador.info\/index.php?rest_route=\/wp\/v2\/users\/2"}],"replies":[{"embeddable":true,"href":"https:\/\/elluchador.info\/index.php?rest_route=%2Fwp%2Fv2%2Fcomments&post=104014"}],"version-history":[{"count":0,"href":"https:\/\/elluchador.info\/index.php?rest_route=\/wp\/v2\/posts\/104014\/revisions"}],"wp:featuredmedia":[{"embeddable":true,"href":"https:\/\/elluchador.info\/index.php?rest_route=\/wp\/v2\/media\/104019"}],"wp:attachment":[{"href":"https:\/\/elluchador.info\/index.php?rest_route=%2Fwp%2Fv2%2Fmedia&parent=104014"}],"wp:term":[{"taxonomy":"category","embeddable":true,"href":"https:\/\/elluchador.info\/index.php?rest_route=%2Fwp%2Fv2%2Fcategories&post=104014"},{"taxonomy":"post_tag","embeddable":true,"href":"https:\/\/elluchador.info\/index.php?rest_route=%2Fwp%2Fv2%2Ftags&post=104014"}],"curies":[{"name":"wp","href":"https:\/\/api.w.org\/{rel}","templated":true}]}}