{"id":104098,"date":"2018-02-23T21:46:28","date_gmt":"2018-02-23T21:46:28","guid":{"rendered":"http:\/\/elluchador.info\/web\/?p=104098"},"modified":"2018-02-23T21:46:28","modified_gmt":"2018-02-23T21:46:28","slug":"alarma-dembele-preocupacion-en-el-club-por-su-falta-de-adaptacion","status":"publish","type":"post","link":"https:\/\/elluchador.info\/?p=104098","title":{"rendered":"Alarma Demb\u00e9l\u00e9: preocupaci\u00f3n en el club por su falta de adaptaci\u00f3n"},"content":{"rendered":"<aside class=\"content-ad\">\n<div class=\"ad-item-660\">\n<div id=\"div-gpt-ad-futbol_barcelona_n_660x50_5a8f0c04268e3e471d8b457e\" class=\"ad-item\" data-google-query-id=\"CIDa4Pv_vNkCFU0YhgodwiMKbQ\">\n<div id=\"google_ads_iframe_\/99071977\/p_mc2\/futbol\/barcelona\/n_0__container__\"><iframe id=\"google_ads_iframe_\/99071977\/p_mc2\/futbol\/barcelona\/n_0\" title=\"3rd party ad content\" name=\"google_ads_iframe_\/99071977\/p_mc2\/futbol\/barcelona\/n_0\" width=\"1\" height=\"1\" frameborder=\"0\" marginwidth=\"0\" marginheight=\"0\" scrolling=\"no\" data-mce-fragment=\"1\"><\/iframe><\/div>\n<\/div>\n<\/div>\n<\/aside>\n<p><span class=\"capital-letter\">O<\/span>usmane Demb\u00e9l\u00e9 no est\u00e1 cumpliendo las grandes expectativas que se hab\u00edan despertado con su fichaje, llegando con el cartel de gran estrella y sustituto de Neymar. El Barcelona pag\u00f3 por \u00e9l un precio desorbitado por la inflaci\u00f3n que se hab\u00eda creado en el mercado y por la urgencia que hab\u00eda en la Directiva por encontrar un recambio para el brasile\u00f1o. El Borussia Dortmund, consciente de la desesperaci\u00f3n azulgrana, sac\u00f3 buena tajada.<\/p>\n<p>Sin embargo, todo se vino abajo con la grave lesi\u00f3n del futbolista que le tuvo parado cuatro meses. Una nueva lesi\u00f3n, impidi\u00f3 que se reenganchase con normalidad al grupo a principios de 2018. Ahora est\u00e1 en boca de todos despu\u00e9s de que en los dos \u00faltimos partidos Valverde no le haya alineado ni siquiera un minuto.<\/p>\n<aside class=\"summary-item\">\n<figure class=\"multimedia-item video\">\n<div id=\"video-5a8f0c04268e3e471d8b457e_summary_1\" class=\"full-video\">\n<div><button id=\"video-5a8f0c04268e3e471d8b457e_summary_1_playBtn\" class=\"kWidgetCentered kWidgetPlayBtn\" aria-label=\"Play video content\"><\/button><img decoding=\"async\" class=\"kWidgetCentered\" src=\"http:\/\/k.uecdn.es\/html5\/html5lib\/v2.58.2_ue\/modules\/KalturaSupport\/thumbnail.php\/p\/110\/uiconf_id\/14969339\/entry_id\/0_ej74q1p4\/height\/407?\" alt=\"Video thumbnail\" \/><\/div>\n<\/div><figcaption class=\"caption\"><i class=\"icon-caption-video\"><\/i>El jugad\u00f3n de Demb\u00e9l\u00e9 desde su propio campo que levant\u00f3 al Camp Nou<\/figcaption><\/figure>\n<\/aside>\n<p>\u00bfQu\u00e9 le pasa a Demb\u00e9l\u00e9? Es la pregunta que se hace el aficionado azulgrana. Hay varias respuestas. La primera est\u00e1 en la juventud del jugador. Con apenas 20 a\u00f1os, su adaptaci\u00f3n est\u00e1 siendo m\u00e1s dif\u00edcil de lo que se pod\u00eda esperar. El futbolista vive pr\u00e1cticamente solo. Est\u00e1 con un familiar desde que se cambiara a una casa propia. Antes viv\u00eda con Umtiti. Una situaci\u00f3n que no es la ideal para un futbolista que est\u00e1 obligado a respetar el tiempo dedicado a los descansos y tambi\u00e9n a seguir una r\u00e9gimen alimenticio acorde con un futbolista profesional.<\/p>\n<p>Tampoco se relaciona mucho todav\u00eda con la plantilla. Apenas habla castellano y su relaci\u00f3n se limita pr\u00e1cticamente a sus dos compatriotas, si bien en el vestuario se muestra como una persona divertida. No le est\u00e1 siendo f\u00e1cil entrar en un equipo as\u00ed y m\u00e1s para un chico tan joven que en muchos aspectos le cuesta asumir lo que supone ser un futbolista profesional del m\u00e1s alto nivel. En el club son conscientes de esta situaci\u00f3n y buscan una persona que pueda ayudar al futbolista.<\/p>\n<p>Porque Valverde necesita un jugador de sus caracter\u00edsticas. Hasta el momento, ha querido protegerle en numerosas ocasiones. Sabe que la presi\u00f3n que tiene que soportar es muy fuerte y no ha querido exponerle m\u00e1s de lo debido. Ya lo hizo cuando no le sac\u00f3 frente al Real Madrid en el Cl\u00e1sico de final de a\u00f1o. Demb\u00e9l\u00e9 estaba bien f\u00edsicamente, pero el t\u00e9cnico no quiso arriesgar. Ni en el aspecto deportivo ni en el mental, tal vez el m\u00e1s importante.<\/p>\n<p>Valverde le ha dejado ahora dos partidos en el banquillo, pero necesita de su concurso para los pr\u00f3ximos meses. El t\u00e9cnico sabe que tiene una plantilla justa para afrontar la Champions, teniendo en cuenta que no puede contar con Coutinho que ya particip\u00f3 en esta competici\u00f3n con el Liverpool.<\/p>\n<p>Necesita un jugador de desborde por banda. Para eso ficharon a Demb\u00e9l\u00e9, pero su adaptaci\u00f3n al equipo va a un ritmo lento. No es f\u00e1cil hacerse al juego del Barcelona donde impera el toque r\u00e1pido. Al franc\u00e9s le est\u00e1 costando entender los mecanismos del equipo y eso se nota posteriormente en el campo.<\/p>\n<p>En los \u00faltimo partidos se ha visto a un Demb\u00e9l\u00e9 abusando en exceso de la conducci\u00f3n del bal\u00f3n y sus compa\u00f1eros se lo han dicho. Valverde le va a ir metiendo en los pr\u00f3ximos partidos en el equipo. El primero de ellos ser\u00e1 ma\u00f1ana mismo frente al Girona en el Camp Nou.<\/p>\n","protected":false},"excerpt":{"rendered":"<p>Ousmane Demb\u00e9l\u00e9 no est\u00e1 cumpliendo las grandes expectativas que se hab\u00edan despertado con su fichaje, llegando con el cartel de gran estrella y sustituto de Neymar. El Barcelona pag\u00f3 por \u00e9l un precio desorbitado por la inflaci\u00f3n que se hab\u00eda creado en el mercado y por la urgencia que hab\u00eda en la Directiva por encontrar [&hellip;]<\/p>\n","protected":false},"author":2,"featured_media":104101,"comment_status":"closed","ping_status":"closed","sticky":false,"template":"","format":"standard","meta":{"footnotes":""},"categories":[4,5],"tags":[],"class_list":{"0":"post-104098","1":"post","2":"type-post","3":"status-publish","4":"format-standard","5":"has-post-thumbnail","7":"category-deportes","8":"category-destacado"},"_links":{"self":[{"href":"https:\/\/elluchador.info\/index.php?rest_route=\/wp\/v2\/posts\/104098","targetHints":{"allow":["GET"]}}],"collection":[{"href":"https:\/\/elluchador.info\/index.php?rest_route=\/wp\/v2\/posts"}],"about":[{"href":"https:\/\/elluchador.info\/index.php?rest_route=\/wp\/v2\/types\/post"}],"author":[{"embeddable":true,"href":"https:\/\/elluchador.info\/index.php?rest_route=\/wp\/v2\/users\/2"}],"replies":[{"embeddable":true,"href":"https:\/\/elluchador.info\/index.php?rest_route=%2Fwp%2Fv2%2Fcomments&post=104098"}],"version-history":[{"count":0,"href":"https:\/\/elluchador.info\/index.php?rest_route=\/wp\/v2\/posts\/104098\/revisions"}],"wp:featuredmedia":[{"embeddable":true,"href":"https:\/\/elluchador.info\/index.php?rest_route=\/wp\/v2\/media\/104101"}],"wp:attachment":[{"href":"https:\/\/elluchador.info\/index.php?rest_route=%2Fwp%2Fv2%2Fmedia&parent=104098"}],"wp:term":[{"taxonomy":"category","embeddable":true,"href":"https:\/\/elluchador.info\/index.php?rest_route=%2Fwp%2Fv2%2Fcategories&post=104098"},{"taxonomy":"post_tag","embeddable":true,"href":"https:\/\/elluchador.info\/index.php?rest_route=%2Fwp%2Fv2%2Ftags&post=104098"}],"curies":[{"name":"wp","href":"https:\/\/api.w.org\/{rel}","templated":true}]}}