{"id":104104,"date":"2018-02-23T21:55:29","date_gmt":"2018-02-23T21:55:29","guid":{"rendered":"http:\/\/elluchador.info\/web\/?p=104104"},"modified":"2018-02-23T21:55:29","modified_gmt":"2018-02-23T21:55:29","slug":"el-psg-confirma-que-neymar-sufre-un-sindrome-viral","status":"publish","type":"post","link":"https:\/\/elluchador.info\/?p=104104","title":{"rendered":"El PSG confirma que Neymar sufre \u00abun s\u00edndrome viral\u00bb"},"content":{"rendered":"<p class=\"selectionShareable\"><strong>EFE<\/strong><\/p>\n<p><span id=\"ctl14_lblMostra\">El Par\u00eds Saint Germain (PSG) inform\u00f3 hoy de que el brasile\u00f1o Neymar no se entren\u00f3 este viernes con el resto de compa\u00f1eros debido a \u00abun s\u00edndrome viral\u00bb del que no se dieron m\u00e1s detalles.<\/p>\n<p>El club se\u00f1al\u00f3 que tampoco se ejercit\u00f3 el medio italiano Marco Verratti por \u00abdolores abdominales\u00bb y comunic\u00f3 que el espa\u00f1ol Yuri Berchiche \u00abse resinti\u00f3 de un dolor en el muslo derecho\u00bb en el final del entrenamiento.<\/p>\n<p>En rueda de prensa celebrada hoy, el entrenador del PSG, el espa\u00f1ol Unai Emery, hab\u00eda avisado que Neymar era duda para el choque liguero de este domingo ante el Olympique de Marsella.<\/p>\n<p>Emery expuso que el brasile\u00f1o estaba \u00abenfermo\u00bb, sin aportar m\u00e1s precisiones.<\/p>\n<p>El PSG aborda un doble choque con el Marsella, en Liga este domingo y en Copa el mi\u00e9rcoles 28 de febrero, ambos en el Parque de los Pr\u00edncipes, y otro partido del campeonato ante el Troyes antes de recibir al Real Madrid el 6 de marzo en la vuelta de los octavos de final de la Liga de Campeones.<\/span><\/p>\n","protected":false},"excerpt":{"rendered":"<p>EFE El Par\u00eds Saint Germain (PSG) inform\u00f3 hoy de que el brasile\u00f1o Neymar no se entren\u00f3 este viernes con el resto de compa\u00f1eros debido a \u00abun s\u00edndrome viral\u00bb del que no se dieron m\u00e1s detalles. El club se\u00f1al\u00f3 que tampoco se ejercit\u00f3 el medio italiano Marco Verratti por \u00abdolores abdominales\u00bb y comunic\u00f3 que el espa\u00f1ol [&hellip;]<\/p>\n","protected":false},"author":2,"featured_media":104105,"comment_status":"closed","ping_status":"closed","sticky":false,"template":"","format":"standard","meta":{"footnotes":""},"categories":[4,5],"tags":[],"class_list":{"0":"post-104104","1":"post","2":"type-post","3":"status-publish","4":"format-standard","5":"has-post-thumbnail","7":"category-deportes","8":"category-destacado"},"_links":{"self":[{"href":"https:\/\/elluchador.info\/index.php?rest_route=\/wp\/v2\/posts\/104104","targetHints":{"allow":["GET"]}}],"collection":[{"href":"https:\/\/elluchador.info\/index.php?rest_route=\/wp\/v2\/posts"}],"about":[{"href":"https:\/\/elluchador.info\/index.php?rest_route=\/wp\/v2\/types\/post"}],"author":[{"embeddable":true,"href":"https:\/\/elluchador.info\/index.php?rest_route=\/wp\/v2\/users\/2"}],"replies":[{"embeddable":true,"href":"https:\/\/elluchador.info\/index.php?rest_route=%2Fwp%2Fv2%2Fcomments&post=104104"}],"version-history":[{"count":0,"href":"https:\/\/elluchador.info\/index.php?rest_route=\/wp\/v2\/posts\/104104\/revisions"}],"wp:featuredmedia":[{"embeddable":true,"href":"https:\/\/elluchador.info\/index.php?rest_route=\/wp\/v2\/media\/104105"}],"wp:attachment":[{"href":"https:\/\/elluchador.info\/index.php?rest_route=%2Fwp%2Fv2%2Fmedia&parent=104104"}],"wp:term":[{"taxonomy":"category","embeddable":true,"href":"https:\/\/elluchador.info\/index.php?rest_route=%2Fwp%2Fv2%2Fcategories&post=104104"},{"taxonomy":"post_tag","embeddable":true,"href":"https:\/\/elluchador.info\/index.php?rest_route=%2Fwp%2Fv2%2Ftags&post=104104"}],"curies":[{"name":"wp","href":"https:\/\/api.w.org\/{rel}","templated":true}]}}