{"id":104811,"date":"2018-03-07T13:47:11","date_gmt":"2018-03-07T13:47:11","guid":{"rendered":"http:\/\/elluchador.info\/web\/?p=104811"},"modified":"2018-03-07T13:47:11","modified_gmt":"2018-03-07T13:47:11","slug":"prohiben-el-zarpe-de-embarcaciones-ante-fuerte-oleaje-en-las-costas-del-pais","status":"publish","type":"post","link":"https:\/\/elluchador.info\/?p=104811","title":{"rendered":"Proh\u00edben el zarpe de embarcaciones ante fuerte oleaje en las costas del pa\u00eds"},"content":{"rendered":"<p>Este martes autoridades del Instituto Nacional de\u00a0los Espacios Acu\u00e1ticos (Inea) informaron la prohibici\u00f3n de zarpe de embarcaciones menores,\u00a0destinadas al transporte de pasajeros motivado al fuerte oleaje.<\/p>\n<p>En la cuenta oficial Twitter del ente @inea_venezuela se\u00f1alan que la medida aplica para los estados Vargas (La Guaira), Carabobo (Puerto Cabello), Miranda (Carenero) y Sucre (Puerto Sucre, Car\u00fapano y G\u00fciria), a partir de las 8:00 de la ma\u00f1ana de este martes 6 de marzo hasta la misma hora del d\u00eda 7.<\/p>\n<p>El ministro del Poder Popular para Ecosocialismo y Aguas, Ram\u00f3n Vel\u00e1squez,\u00a0se\u00f1al\u00f3 que se han generado afectaciones ligeras en los Estados Vargas y Carabobo, a consecuencia del oleaje.<\/p>\n<p>En el estado Vargas las autoridades han ordenado el cierre de playas y balnearios p\u00fablicos, ante la presencia, desde este lunes, del fen\u00f3meno conocido como mar de fondo, raz\u00f3n por la que funcionarios de Protecci\u00f3n Civil (PC) han estado realizando constantes monitoreos.<\/p>\n<p>En la entidad se han reportado algunos da\u00f1os materiales,\u00a0en cuanto a infraestructura vial y aquellas existentes en zonas costeras, esto sin afectaci\u00f3n de los habitantes.<\/p>\n<p>\u201cHasta el momento no hemos podido lograr que dos motonaves atraquen debido al mal tiempo reinante en la zona. Se intent\u00f3 con una y se rompieron los cabos. Adem\u00e1s, el faro verde ubicado en la entrada del puerto fue totalmente destruido por las olas y una lancha que estaba en custodia por Vigilancia Costera result\u00f3 hundida en el transcurso de la madrugada\u201d, inform\u00f3 el supervisor de Operaciones de la Capitan\u00eda de Puertos de La Guaira, Roddy Gonz\u00e1lez.<\/p>\n<p>Precis\u00f3 que de acuerdo con el reporte del Servicio de Hidrograf\u00eda y Navegaci\u00f3n de la Armada Bolivariana de Venezuela,<strong>\u00a0<\/strong>este fen\u00f3meno meteorol\u00f3gico estar\u00e1 presente entre las pr\u00f3ximas 48 y 72 horas, con frente fr\u00edo y olas entre dos y cuatro metros.<\/p>\n<p>El oleaje que se ha registrado durante las \u00faltimas 24 horas en zonas costeras del pa\u00eds es producto de una aceleraci\u00f3n de los vientos alisios.<\/p>\n<blockquote class=\"twitter-tweet\" data-width=\"550\" data-dnt=\"true\">\n<p lang=\"es\" dir=\"ltr\"><a href=\"https:\/\/twitter.com\/hashtag\/AvisoALosNavegantes?src=hash&amp;ref_src=twsrc%5Etfw\">#AvisoALosNavegantes<\/a> | Se prohibe el zarpe de embarcaciones menores a 5 UAB destinadas al transporte de pasajeros en La Guaira, Puerto Cabello, Carenero, Puerto Sucre, Car\u00fapano y G\u00fciria desde las 08:00am de <a href=\"https:\/\/twitter.com\/hashtag\/HOY?src=hash&amp;ref_src=twsrc%5Etfw\">#HOY<\/a> <a href=\"https:\/\/twitter.com\/hashtag\/06Mar?src=hash&amp;ref_src=twsrc%5Etfw\">#06Mar<\/a> hasta las 08:00 am del <a href=\"https:\/\/twitter.com\/hashtag\/07Mar?src=hash&amp;ref_src=twsrc%5Etfw\">#07Mar<\/a> motivado al fuerte oleaje <a href=\"https:\/\/t.co\/F3rVbwrI9h\">pic.twitter.com\/F3rVbwrI9h<\/a><\/p>\n<p>&mdash; INEA (@inea_venezuela) <a href=\"https:\/\/twitter.com\/inea_venezuela\/status\/971046582207606784?ref_src=twsrc%5Etfw\">March 6, 2018<\/a><\/p><\/blockquote>\n<p><script async src=\"https:\/\/platform.twitter.com\/widgets.js\" charset=\"utf-8\"><\/script><\/p>\n<p>&nbsp;<\/p>\n<p>&nbsp;<\/p>\n<p>V\u00eda:\u00a0<a href=\"http:\/\/www.noticias24.com\/venezuela\/noticia\/341731\/prohiben-el-zarpe-de-embarcaciones-ante-fuerte-oleaje-en-las-costas-del-pais\/\">Noticias24<\/a><\/p>\n","protected":false},"excerpt":{"rendered":"<p>Este martes autoridades del Instituto Nacional de\u00a0los Espacios Acu\u00e1ticos (Inea) informaron la prohibici\u00f3n de zarpe de embarcaciones menores,\u00a0destinadas al transporte de pasajeros motivado al fuerte oleaje. En la cuenta oficial Twitter del ente @inea_venezuela se\u00f1alan que la medida aplica para los estados Vargas (La Guaira), Carabobo (Puerto Cabello), Miranda (Carenero) y Sucre (Puerto Sucre, Car\u00fapano [&hellip;]<\/p>\n","protected":false},"author":2,"featured_media":104818,"comment_status":"closed","ping_status":"closed","sticky":false,"template":"","format":"standard","meta":{"footnotes":""},"categories":[9],"tags":[],"class_list":{"0":"post-104811","1":"post","2":"type-post","3":"status-publish","4":"format-standard","5":"has-post-thumbnail","7":"category-nacionales"},"_links":{"self":[{"href":"https:\/\/elluchador.info\/index.php?rest_route=\/wp\/v2\/posts\/104811","targetHints":{"allow":["GET"]}}],"collection":[{"href":"https:\/\/elluchador.info\/index.php?rest_route=\/wp\/v2\/posts"}],"about":[{"href":"https:\/\/elluchador.info\/index.php?rest_route=\/wp\/v2\/types\/post"}],"author":[{"embeddable":true,"href":"https:\/\/elluchador.info\/index.php?rest_route=\/wp\/v2\/users\/2"}],"replies":[{"embeddable":true,"href":"https:\/\/elluchador.info\/index.php?rest_route=%2Fwp%2Fv2%2Fcomments&post=104811"}],"version-history":[{"count":0,"href":"https:\/\/elluchador.info\/index.php?rest_route=\/wp\/v2\/posts\/104811\/revisions"}],"wp:featuredmedia":[{"embeddable":true,"href":"https:\/\/elluchador.info\/index.php?rest_route=\/wp\/v2\/media\/104818"}],"wp:attachment":[{"href":"https:\/\/elluchador.info\/index.php?rest_route=%2Fwp%2Fv2%2Fmedia&parent=104811"}],"wp:term":[{"taxonomy":"category","embeddable":true,"href":"https:\/\/elluchador.info\/index.php?rest_route=%2Fwp%2Fv2%2Fcategories&post=104811"},{"taxonomy":"post_tag","embeddable":true,"href":"https:\/\/elluchador.info\/index.php?rest_route=%2Fwp%2Fv2%2Ftags&post=104811"}],"curies":[{"name":"wp","href":"https:\/\/api.w.org\/{rel}","templated":true}]}}