{"id":104817,"date":"2018-03-07T13:54:45","date_gmt":"2018-03-07T13:54:45","guid":{"rendered":"http:\/\/elluchador.info\/web\/?p=104817"},"modified":"2018-03-07T13:54:45","modified_gmt":"2018-03-07T13:54:45","slug":"romulo-otero-renovo-contrato-con-atletico-mineiro","status":"publish","type":"post","link":"https:\/\/elluchador.info\/?p=104817","title":{"rendered":"R\u00f3mulo Otero renov\u00f3 contrato con Atl\u00e9tico Mineiro"},"content":{"rendered":"<p><strong>El mediocampista venezolano extendi\u00f3 su v\u00ednculo con su club hasta diciembre de 2020<\/strong><\/p>\n<p>El venezolano R\u00f3mulo Otero y el ecuatoriano Juan Cazares prorrogaron su contrato con el Atl\u00e9tico Mineiro hasta finales de 2020, inform\u00f3 ayer el club brasile\u00f1o, que tambi\u00e9n renov\u00f3 a cuatro futbolistas de su cantera.<\/p>\n<p>El v\u00ednculo de Otero con el equipo blanquinegro, que culminaba en junio de 2020, se extendi\u00f3 por seis meses m\u00e1s. Mientras que el de Cazares se ampli\u00f3 por un a\u00f1o, pues terminaba en diciembre de 2019.<\/p>\n<p>Cabe recordar que el volante criollo ha disputado 7 partidos en el Mineirao (6 de ellos como titular y ha sido reemplazado en 3) y acumula 528 minutos en dicha competencia.\u00a0 Adem\u00e1s, no ha marcado ning\u00fan tanto y ha dado 3 asistencias.<\/p>\n<p>Los otros cuatro futbolistas que renovaron provienen de las categor\u00edas inferiores de la entidad, dos de los cuales, los centrocampistas Bruno Roberto y Marco T\u00falio, ya han sido relacionados en las convocatorias con el primer equipo.<\/p>\n<p>El guardameta Fernando ha entrenado estas \u00faltimas semanas con la primera plantilla debido a las lesiones de Uilson y Giovanni, y el medio Marquinhos, recuperado de una reciente fractura en el pie izquierdo, subi\u00f3 al equipo absoluto hace apenas algunas semanas y se encuentra en proceso de transici\u00f3n.<\/p>\n<p>&nbsp;<\/p>\n<p>&nbsp;<\/p>\n<p>&nbsp;<\/p>\n<p>V\u00eda:\u00a0<a href=\"http:\/\/www.el-nacional.com\/noticias\/futbol\/romulo-otero-renovo-contrato-con-atletico-mineiro_225833\">El Nacional<\/a><\/p>\n","protected":false},"excerpt":{"rendered":"<p>El mediocampista venezolano extendi\u00f3 su v\u00ednculo con su club hasta diciembre de 2020 El venezolano R\u00f3mulo Otero y el ecuatoriano Juan Cazares prorrogaron su contrato con el Atl\u00e9tico Mineiro hasta finales de 2020, inform\u00f3 ayer el club brasile\u00f1o, que tambi\u00e9n renov\u00f3 a cuatro futbolistas de su cantera. El v\u00ednculo de Otero con el equipo blanquinegro, [&hellip;]<\/p>\n","protected":false},"author":2,"featured_media":104821,"comment_status":"closed","ping_status":"closed","sticky":false,"template":"","format":"standard","meta":{"footnotes":""},"categories":[4],"tags":[],"class_list":{"0":"post-104817","1":"post","2":"type-post","3":"status-publish","4":"format-standard","5":"has-post-thumbnail","7":"category-deportes"},"_links":{"self":[{"href":"https:\/\/elluchador.info\/index.php?rest_route=\/wp\/v2\/posts\/104817","targetHints":{"allow":["GET"]}}],"collection":[{"href":"https:\/\/elluchador.info\/index.php?rest_route=\/wp\/v2\/posts"}],"about":[{"href":"https:\/\/elluchador.info\/index.php?rest_route=\/wp\/v2\/types\/post"}],"author":[{"embeddable":true,"href":"https:\/\/elluchador.info\/index.php?rest_route=\/wp\/v2\/users\/2"}],"replies":[{"embeddable":true,"href":"https:\/\/elluchador.info\/index.php?rest_route=%2Fwp%2Fv2%2Fcomments&post=104817"}],"version-history":[{"count":0,"href":"https:\/\/elluchador.info\/index.php?rest_route=\/wp\/v2\/posts\/104817\/revisions"}],"wp:featuredmedia":[{"embeddable":true,"href":"https:\/\/elluchador.info\/index.php?rest_route=\/wp\/v2\/media\/104821"}],"wp:attachment":[{"href":"https:\/\/elluchador.info\/index.php?rest_route=%2Fwp%2Fv2%2Fmedia&parent=104817"}],"wp:term":[{"taxonomy":"category","embeddable":true,"href":"https:\/\/elluchador.info\/index.php?rest_route=%2Fwp%2Fv2%2Fcategories&post=104817"},{"taxonomy":"post_tag","embeddable":true,"href":"https:\/\/elluchador.info\/index.php?rest_route=%2Fwp%2Fv2%2Ftags&post=104817"}],"curies":[{"name":"wp","href":"https:\/\/api.w.org\/{rel}","templated":true}]}}