{"id":107607,"date":"2018-04-16T15:42:24","date_gmt":"2018-04-16T15:42:24","guid":{"rendered":"http:\/\/elluchador.info\/web\/?p=107607"},"modified":"2018-04-16T15:42:24","modified_gmt":"2018-04-16T15:42:24","slug":"la-semana-de-la-critica-de-cannes-deja-fuera-al-cine-latinoamericano","status":"publish","type":"post","link":"https:\/\/elluchador.info\/?p=107607","title":{"rendered":"La Semana de la Cr\u00edtica de Cannes deja fuera al cine latinoamericano"},"content":{"rendered":"<p><strong>Despu\u00e9s de haber dado ampliamente cabida al cine latinoamericano el a\u00f1o pasado, la Semana de la Cr\u00edtica de Cannes no hablar\u00e1 espa\u00f1ol en su pr\u00f3xima edici\u00f3n, salvo un cortometraje del chileno Felipe G\u00e1lvez.<\/strong><\/p>\n<p>Esta secci\u00f3n paralela del Festival de Cannes seleccion\u00f3 esencialmente filmes europeos, as\u00ed como cinco \u00f3peras prima de los 7 largometrajes en competici\u00f3n.<\/p>\n<p>El a\u00f1o pasado, esta edici\u00f3n dedicada a descubrir talentos emergentes hab\u00eda seleccionado \u00abLos perros\u00bb, de la chilena Marcela Said, \u00abGabriel e a montanha\u00bb, del brasile\u00f1o Fellipe Gamarano Barbosa, y \u00abLa familia\u00bb, del venezolano Gustavo Rond\u00f3n.<\/p>\n<p>\u00abEs una selecci\u00f3n que habla de la familia y del trabajo, como &#8216;One day'\u00bb, un primer filme h\u00fangaro sobre el d\u00eda a d\u00eda de una mujer en el hogar, indic\u00f3 el delegado general de la Semana de la Cr\u00edtica, Charles Tesson.<\/p>\n<p>\u00abDiamantino\u00bb es un primer filme portugu\u00e9s centrado en un futbolista que podr\u00eda muy bien ser Cristiano Ronaldo, mientras el franc\u00e9s \u00abSauvage\u00bb aborda la prostituci\u00f3n masculina.<\/p>\n<p>La suiza \u00abChris the Swiss\u00bb mezcla documental y animaci\u00f3n para recrear el conflicto yugoslavo, mientras la polaca \u00abFuga\u00bb narra la historia del retorno imposible de una mujer a su hogar.<\/p>\n<p>La pel\u00edcula islandesa \u00abWoman at war\u00bb se centra en una mujer en guerra contra todos para proteger un planeta en peligro y, finalmente, -\u00fanica pel\u00edcula no europea-, la india \u00abSir\u00bb es una \u00f3pera prima que muestra \u00abel bloqueo de las clases y el repliegue de la sociedad\u00bb, seg\u00fan Tesson.<\/p>\n<p>Entre los 10 cortometrajes en competici\u00f3n, destaca \u00abRapaz\u00bb, del chileno Felipe G\u00e1lvez, una captaci\u00f3n en tiempo real y con tel\u00e9fono m\u00f3vil de un movimiento de ira popular.<\/p>\n<p>El director noruego Joachim Trier presidir\u00e1 el jurado de la Semana de la Cr\u00edtica, del que tambi\u00e9n ser\u00e1 miembro el actor argentino Nahuel P\u00e9rez Biscayart.<\/p>\n<p>Este jurado entregar\u00e1 tres recompensas, entre ellos el Gran Premio Nespresso, entre los 7 largometrajes en competici\u00f3n. Este premi\u00f3 revel\u00f3 en los \u00faltimos a\u00f1os a cineastas como Guillermo del Toro y Alejandro Gonz\u00e1lez I\u00f1\u00e1rritu.<\/p>\n<p>Asimismo, otorgar\u00e1 por primera vez el Premio Fundaci\u00f3n Louis Roederer de la revelaci\u00f3n, a un actor o actriz de una de las cintas.<\/p>\n<p>La secci\u00f3n se celebrar\u00e1 entre el 9 y el 17 de mayo.<\/p>\n<p>&nbsp;<\/p>\n<p>&nbsp;<\/p>\n<p>&nbsp;<\/p>\n<p>V\u00eda:\u00a0<a href=\"http:\/\/informe21.com\/arte-y-espectaculos\/la-semana-de-la-critica-de-cannes-deja-fuera-al-cine-latinoamericano\">informe21<\/a><\/p>\n","protected":false},"excerpt":{"rendered":"<p>Despu\u00e9s de haber dado ampliamente cabida al cine latinoamericano el a\u00f1o pasado, la Semana de la Cr\u00edtica de Cannes no hablar\u00e1 espa\u00f1ol en su pr\u00f3xima edici\u00f3n, salvo un cortometraje del chileno Felipe G\u00e1lvez. Esta secci\u00f3n paralela del Festival de Cannes seleccion\u00f3 esencialmente filmes europeos, as\u00ed como cinco \u00f3peras prima de los 7 largometrajes en competici\u00f3n. [&hellip;]<\/p>\n","protected":false},"author":2,"featured_media":107618,"comment_status":"closed","ping_status":"closed","sticky":false,"template":"","format":"standard","meta":{"footnotes":""},"categories":[7],"tags":[],"class_list":{"0":"post-107607","1":"post","2":"type-post","3":"status-publish","4":"format-standard","5":"has-post-thumbnail","7":"category-entretenimiento"},"_links":{"self":[{"href":"https:\/\/elluchador.info\/index.php?rest_route=\/wp\/v2\/posts\/107607","targetHints":{"allow":["GET"]}}],"collection":[{"href":"https:\/\/elluchador.info\/index.php?rest_route=\/wp\/v2\/posts"}],"about":[{"href":"https:\/\/elluchador.info\/index.php?rest_route=\/wp\/v2\/types\/post"}],"author":[{"embeddable":true,"href":"https:\/\/elluchador.info\/index.php?rest_route=\/wp\/v2\/users\/2"}],"replies":[{"embeddable":true,"href":"https:\/\/elluchador.info\/index.php?rest_route=%2Fwp%2Fv2%2Fcomments&post=107607"}],"version-history":[{"count":0,"href":"https:\/\/elluchador.info\/index.php?rest_route=\/wp\/v2\/posts\/107607\/revisions"}],"wp:featuredmedia":[{"embeddable":true,"href":"https:\/\/elluchador.info\/index.php?rest_route=\/wp\/v2\/media\/107618"}],"wp:attachment":[{"href":"https:\/\/elluchador.info\/index.php?rest_route=%2Fwp%2Fv2%2Fmedia&parent=107607"}],"wp:term":[{"taxonomy":"category","embeddable":true,"href":"https:\/\/elluchador.info\/index.php?rest_route=%2Fwp%2Fv2%2Fcategories&post=107607"},{"taxonomy":"post_tag","embeddable":true,"href":"https:\/\/elluchador.info\/index.php?rest_route=%2Fwp%2Fv2%2Ftags&post=107607"}],"curies":[{"name":"wp","href":"https:\/\/api.w.org\/{rel}","templated":true}]}}