{"id":107633,"date":"2018-04-16T16:02:42","date_gmt":"2018-04-16T16:02:42","guid":{"rendered":"http:\/\/elluchador.info\/web\/?p=107633"},"modified":"2018-04-16T16:02:42","modified_gmt":"2018-04-16T16:02:42","slug":"santos-admite-que-periodistas-ecuatorianos-fueron-asesinados-en-colombia","status":"publish","type":"post","link":"https:\/\/elluchador.info\/?p=107633","title":{"rendered":"Santos admite que periodistas ecuatorianos fueron asesinados en Colombia"},"content":{"rendered":"<p>El presidente Juan Manuel Santos\u00a0reconoci\u00f3 este domingo que los tres miembros del equipo period\u00edstico de El Comercio\u00a0s\u00ed fueron asesinados en territorio colombiano, como lo hab\u00eda declarado horas antes el ministro del interior del vecino pa\u00eds.<\/p>\n<p>El mandatario asegur\u00f3, en entrevista con CNN, que los periodistas fueron secuestrados en Ecuador por disidentes de las Farc y luego trasladados a Colombia, donde finalmente fueron asesinados, cit\u00f3 el diario El Espectador, de Colombia.<\/p>\n<p>Santos agreg\u00f3 que este lamentable hecho es un \u201ccoletazo\u201d de m\u00e1s de 50 a\u00f1os de conflicto con las Farc\u00a0y que es normal que en estos procesos de paz siempre haya un porcentaje de los combatientes que se quede delinquiendo. \u201cSab\u00edamos que los narcotr\u00e1fico iba a jalar a excombatienes para ayudar al narcotr\u00e1fico\u201d, a\u00f1adi\u00f3 el presidente.<\/p>\n<p>En CNN,\u00a0el presidente reiter\u00f3\u00a0que est\u00e1 en permanente comunicaci\u00f3n con el presidente de Ecuador, Len\u00edn Moreno,\u00a0para cooperar entre ambos pa\u00edses y\u00a0dar con los responsables.\u00a0 \u201cHay que tener objetivos claros, colaborar para obtener justicia y castigar a los responsables como se merece\u201d, concluy\u00f3 Santos.<\/p>\n<p>Horas antes, el gobierno de Ecuador hab\u00eda dicho que el equipo de El Comercio fue asesinado en territorio colombiano y que en nuestro pa\u00eds permanecen los cad\u00e1veres. La declaraci\u00f3n \u00a0la hizo el ministro del Interior, C\u00e9sar Navas. \u00bb Fueron asesinados en territorio colombiano\u201d, dijo\u00a0Navas en el canal internacional NTN24. Sin embargo, el vecino pa\u00eds sostiene que\u00a0los periodistas tambi\u00e9n fueron secuestrados estando en territorio colombiano, lo que\u00a0atiza\u00a0las contradicciones entre los dos pa\u00edses desde que se produjo el secuestro el pasado 26 de marzo.<\/p>\n<p>El periodista Javier Ortega (32 a\u00f1os), el fot\u00f3grafo Pa\u00fal Rivas (45) y el conductor Efra\u00edn Segarra (60) del diario El Comercio de Quito fueron secuestrados por guerrilleros que se apartaron del proceso de paz con las Farc.<\/p>\n<p>Estando en cautiverio y encadenados fueron ejecutados a balazos,\u00a0seg\u00fan se desprende de fotos difundidas por los captores. Los cad\u00e1veres a\u00fan no han sido recuperados.<\/p>\n<p>Desde que se produjo el secuestro en Mataje, una localidad ecuatoriana en los l\u00edmites con Colombia, ambos gobiernos han suministrado informaci\u00f3n contradictoria sobre el lugar a donde fueron llevados los rehenes y el sitio de su ejecuci\u00f3n.<\/p>\n<p>Las versiones entre gobiernos difieren tambi\u00e9n en la nacionalidad del responsable del asesinato, alias Guacho, l\u00edder del Frente Oliver Sinisterra, un grupo disidente del proceso de paz con las FARC.<\/p>\n<p>Quito dijo este domingo que el supuesto responsable es de nacionalidad colombiana y Bogot\u00e1 dice que es ecuatoriano.<\/p>\n<p>En su entrevista, Navas explic\u00f3 que la operaci\u00f3n que est\u00e1 llevando a cabo el Comit\u00e9 Internacional de la Cruz Roja (CICR) para la recuperaci\u00f3n de los cuerpos\u00a0\u00abno tiene fecha alguna\u00bb de finalizaci\u00f3n, sin dar m\u00e1s detalles.<\/p>\n<p>Ricardo Rivas, hermano del periodista asesinado, critic\u00f3 en otra entrevista el \u00abfracaso de los dos gobiernos\u00bb en la gesti\u00f3n del caso.<\/p>\n<p>\u00abEl uno (Colombia) por no involucrarse directamente (&#8230;) y el otro tal vez (&#8230;) por su falta de experiencia en el manejo\u00bb de este tipo de situaciones, explic\u00f3.<\/p>\n<p>\u00abHay preguntas que quedan en el aire respecto a las acciones que se hicieron\u00bb durante el secuestro, agreg\u00f3.<\/p>\n<p>Pedro Vaca, director de la Fundaci\u00f3n para la Libertad de Prensa (FLIP), de Colombia, lamenta la \u00abincoherencia\u00bb entre ambos gobiernos.<\/p>\n<p>\u00abEs muy importante que lo que hayan dicho los Estados pueda ser verificado, sobre todo porque en las circunstancias en las que ocurre esto hay muchos cruces de informaci\u00f3n\u00bb, se\u00f1al\u00f3 a la AFP.<\/p>\n<p><strong>Solidaridad papal<\/strong><\/p>\n<p>El asesinato ha conmocionado a\u00a0Ecuador, un pa\u00eds que hasta hace pocos meses\u00a0no hab\u00eda sufrido en su propia carne la violencia derivada del narcotr\u00e1fico en Colombia.<\/p>\n<p>Y motiv\u00f3 la condena de la comunidad internacional.<\/p>\n<p>Este domingo, despu\u00e9s del tradicional rezo del \u00c1ngelus de los domingos en la plaza San Pedro de Ciudad del Vaticano, el papa Francisco habl\u00f3 del \u00abdolor\u00bb que sinti\u00f3 al enterarse de la muerte de los comunicadores.<\/p>\n<p>\u00abRezo por ellos y sus familias, y estoy cerca del querido pueblo ecuatoriano, anim\u00e1ndolo a avanzar unidos y en paz, con la ayuda del Se\u00f1or y su Santa Madre\u00bb, dijo.<\/p>\n<p>La arquidi\u00f3cesis de Quito ha dispuesto una misa este domingo en la Catedral en memoria del equipo period\u00edstico. Asimismo orden\u00f3 que en cada templo se eleve una oraci\u00f3n por ellos y sus familias en cada eucarist\u00eda.<\/p>\n<p><strong>Objetivo &#8216;Guacho&#8217;<\/strong><\/p>\n<p>Ortega, Rivas, y Segarra fueron\u00a0secuestrados mientras hac\u00edan un reportaje sobre la inusitada violencia que enfrenta\u00a0Ecuador\u00a0en la convulsa\u00a0y porosa frontera desde enero, con un saldo por ahora de siete muertos y cuatro decenas de heridos.<\/p>\n<p>La \u00faltima vez que se les vio con vida fue en un video difundido por sus captores el pasado 3 de abril.<\/p>\n<p>Tras confirmarse el viernes su asesinato,\u00a0Bogot\u00e1 y Quito lanzaron de inmediato una ofensiva militar coordinada, a lado y lado de la frontera, para dar captura a Guacho.<\/p>\n<p>En su comparecencia, el ministro detall\u00f3 que en\u00a0Ecuador\u00a0fueron desplegados 550 uniformados entre militares y polic\u00edas y que se emplearon helic\u00f3pteros, un avi\u00f3n y tanques blindados.<\/p>\n<p>Hasta la ma\u00f1ana del domingo, hab\u00eda siete personas detenidas, entre ellas un experto en explosivos y seguridad, vinculados al grupo de Guacho.<\/p>\n<p>Las operativos, que seg\u00fan el ministro hab\u00edan sido suspendidos durante el secuestro, permitieron \u00abtomar el control total\u00bb de Mataje, la poblaci\u00f3n fronteriza donde fueron secuestrados los periodistas.<\/p>\n<p>Del lado colombiano, las operaciones se centran en el municipio de Tumaco, la zona con m\u00e1s narcocultivos del mundo.<\/p>\n<p>&nbsp;<\/p>\n<p>&nbsp;<\/p>\n<p>&nbsp;<\/p>\n<p>V\u00eda:\u00a0<a href=\"http:\/\/www.panorama.com.ve\/mundo\/Santos-admite-que-periodistas-ecuatorianos-fueron-asesinados-en-Colombia-20180416-0012.html\">Panorama<\/a><\/p>\n","protected":false},"excerpt":{"rendered":"<p>El presidente Juan Manuel Santos\u00a0reconoci\u00f3 este domingo que los tres miembros del equipo period\u00edstico de El Comercio\u00a0s\u00ed fueron asesinados en territorio colombiano, como lo hab\u00eda declarado horas antes el ministro del interior del vecino pa\u00eds. El mandatario asegur\u00f3, en entrevista con CNN, que los periodistas fueron secuestrados en Ecuador por disidentes de las Farc y [&hellip;]<\/p>\n","protected":false},"author":2,"featured_media":107642,"comment_status":"closed","ping_status":"closed","sticky":false,"template":"","format":"standard","meta":{"footnotes":""},"categories":[8],"tags":[],"class_list":{"0":"post-107633","1":"post","2":"type-post","3":"status-publish","4":"format-standard","5":"has-post-thumbnail","7":"category-internacionales"},"_links":{"self":[{"href":"https:\/\/elluchador.info\/index.php?rest_route=\/wp\/v2\/posts\/107633","targetHints":{"allow":["GET"]}}],"collection":[{"href":"https:\/\/elluchador.info\/index.php?rest_route=\/wp\/v2\/posts"}],"about":[{"href":"https:\/\/elluchador.info\/index.php?rest_route=\/wp\/v2\/types\/post"}],"author":[{"embeddable":true,"href":"https:\/\/elluchador.info\/index.php?rest_route=\/wp\/v2\/users\/2"}],"replies":[{"embeddable":true,"href":"https:\/\/elluchador.info\/index.php?rest_route=%2Fwp%2Fv2%2Fcomments&post=107633"}],"version-history":[{"count":0,"href":"https:\/\/elluchador.info\/index.php?rest_route=\/wp\/v2\/posts\/107633\/revisions"}],"wp:featuredmedia":[{"embeddable":true,"href":"https:\/\/elluchador.info\/index.php?rest_route=\/wp\/v2\/media\/107642"}],"wp:attachment":[{"href":"https:\/\/elluchador.info\/index.php?rest_route=%2Fwp%2Fv2%2Fmedia&parent=107633"}],"wp:term":[{"taxonomy":"category","embeddable":true,"href":"https:\/\/elluchador.info\/index.php?rest_route=%2Fwp%2Fv2%2Fcategories&post=107633"},{"taxonomy":"post_tag","embeddable":true,"href":"https:\/\/elluchador.info\/index.php?rest_route=%2Fwp%2Fv2%2Ftags&post=107633"}],"curies":[{"name":"wp","href":"https:\/\/api.w.org\/{rel}","templated":true}]}}