{"id":107649,"date":"2018-04-16T16:21:18","date_gmt":"2018-04-16T16:21:18","guid":{"rendered":"http:\/\/elluchador.info\/web\/?p=107649"},"modified":"2018-04-16T16:21:18","modified_gmt":"2018-04-16T16:21:18","slug":"fermin-dirigentes-regionales-de-partidos-opositores-apoyan-candidatura-de-falcon","status":"publish","type":"post","link":"https:\/\/elluchador.info\/?p=107649","title":{"rendered":"Ferm\u00edn: Dirigentes regionales de partidos opositores apoyan candidatura de Falc\u00f3n"},"content":{"rendered":"<p><strong>El pol\u00edtico manifest\u00f3 que acept\u00f3 ser jefe de campa\u00f1a del candidato Henri Falc\u00f3n porque este se ha \u00abmantenido firme\u00bb ante las acciones del Gobierno nacional<\/strong><\/p>\n<p>El dirigente pol\u00edtico Claudio Ferm\u00edn asegur\u00f3 este lunes que los voceros regionales de partidos como Primero Justicia (PJ), Un Nuevo Tiempo (UNT) y Voluntad Popular (VP) apoyan la candidatura presidencial del exgobernador del estado Lara, Henri Falc\u00f3n, puesto que es la \u00ab\u00fanica v\u00eda\u00bb para \u00absalir\u00bb del presidente de la Rep\u00fablica, Nicol\u00e1s Maduro.<\/p>\n<p>El tambi\u00e9n jefe de campa\u00f1a de Falc\u00f3n exhort\u00f3 al denominado Frente Amplio Venezuela Libre a revisar su posici\u00f3n de no participar en los comicios del 20 de mayo, debido a que esa fecha es una oportunidad, seg\u00fan dijo, de cambiar de Gobierno.<\/p>\n<p>Durante una entrevista en el programa\u00a0<em>A tiempo,<\/em>\u00a0que transmite Uni\u00f3n Radio, Ferm\u00edn mencion\u00f3 que acept\u00f3 ser el jefe de campa\u00f1a de Falc\u00f3n porque dicho dirigente se ha \u00abmantenido firme\u00bb ante las acciones del oficialismo.<\/p>\n<p>En ese sentido, asegur\u00f3 que no ve en Maduro la capacidad para resolver todos los problemas que atraviesa actualmente el pa\u00eds y reiter\u00f3 que la dolarizaci\u00f3n pondr\u00e1 fin a la inflaci\u00f3n.<\/p>\n<p>&nbsp;<\/p>\n<p>&nbsp;<\/p>\n<p>&nbsp;<\/p>\n<p>V\u00eda:\u00a0<a href=\"http:\/\/www.eluniversal.com\/politica\/6326\/fermin-dirigentes-regionales-partidos-opositores-apoyan-candidatura-falcon\">El Universal<\/a><\/p>\n","protected":false},"excerpt":{"rendered":"<p>El pol\u00edtico manifest\u00f3 que acept\u00f3 ser jefe de campa\u00f1a del candidato Henri Falc\u00f3n porque este se ha \u00abmantenido firme\u00bb ante las acciones del Gobierno nacional El dirigente pol\u00edtico Claudio Ferm\u00edn asegur\u00f3 este lunes que los voceros regionales de partidos como Primero Justicia (PJ), Un Nuevo Tiempo (UNT) y Voluntad Popular (VP) apoyan la candidatura presidencial [&hellip;]<\/p>\n","protected":false},"author":2,"featured_media":107656,"comment_status":"closed","ping_status":"closed","sticky":false,"template":"","format":"standard","meta":{"footnotes":""},"categories":[11],"tags":[],"class_list":{"0":"post-107649","1":"post","2":"type-post","3":"status-publish","4":"format-standard","5":"has-post-thumbnail","7":"category-politica"},"_links":{"self":[{"href":"https:\/\/elluchador.info\/index.php?rest_route=\/wp\/v2\/posts\/107649","targetHints":{"allow":["GET"]}}],"collection":[{"href":"https:\/\/elluchador.info\/index.php?rest_route=\/wp\/v2\/posts"}],"about":[{"href":"https:\/\/elluchador.info\/index.php?rest_route=\/wp\/v2\/types\/post"}],"author":[{"embeddable":true,"href":"https:\/\/elluchador.info\/index.php?rest_route=\/wp\/v2\/users\/2"}],"replies":[{"embeddable":true,"href":"https:\/\/elluchador.info\/index.php?rest_route=%2Fwp%2Fv2%2Fcomments&post=107649"}],"version-history":[{"count":0,"href":"https:\/\/elluchador.info\/index.php?rest_route=\/wp\/v2\/posts\/107649\/revisions"}],"wp:featuredmedia":[{"embeddable":true,"href":"https:\/\/elluchador.info\/index.php?rest_route=\/wp\/v2\/media\/107656"}],"wp:attachment":[{"href":"https:\/\/elluchador.info\/index.php?rest_route=%2Fwp%2Fv2%2Fmedia&parent=107649"}],"wp:term":[{"taxonomy":"category","embeddable":true,"href":"https:\/\/elluchador.info\/index.php?rest_route=%2Fwp%2Fv2%2Fcategories&post=107649"},{"taxonomy":"post_tag","embeddable":true,"href":"https:\/\/elluchador.info\/index.php?rest_route=%2Fwp%2Fv2%2Ftags&post=107649"}],"curies":[{"name":"wp","href":"https:\/\/api.w.org\/{rel}","templated":true}]}}