{"id":107668,"date":"2018-04-16T16:32:17","date_gmt":"2018-04-16T16:32:17","guid":{"rendered":"http:\/\/elluchador.info\/web\/?p=107668"},"modified":"2018-04-16T16:32:17","modified_gmt":"2018-04-16T16:32:17","slug":"menores-de-16-anos-no-podrian-utilizar-whatsapp","status":"publish","type":"post","link":"https:\/\/elluchador.info\/?p=107668","title":{"rendered":"Menores de 16 a\u00f1os no podr\u00edan utilizar WhatsApp"},"content":{"rendered":"<p><strong>La aplicaci\u00f3n, seg\u00fan medios especializados, actualizar\u00e1 en los pr\u00f3ximos d\u00edas sus pol\u00edticas de uso.<\/strong><\/p>\n<p id=\"p205722-m224-223-225\" class=\"contenido\">WhatsApp\u00a0estar\u00eda planeando actualizar sus t\u00e9rminos de uso de cara a la entrada en vigencia de la nueva legislaci\u00f3n de la Uni\u00f3n Europea de protecci\u00f3n de datos.<\/p>\n<p>Dicha medida, que regir\u00e1 a partir del 25 de mayo,\u00a0prev\u00e9 sanciones m\u00e1s severas y las extiende la responsabilidad de mal uso a las empresas subsidiarias que usan directamente los datos de las redes sociales<\/p>\n<div id=\"sas_9343\" class=\"ad-unit\"><\/div>\n<p id=\"p205722-m261-2-262\" class=\"contenido\">Precisamente, entre las nuevas normas que contempla la legislaci\u00f3n se encuentra la\u00a0<b>posibilidad de ordenarle a las compa\u00f1\u00edas de servicio a exigir un m\u00ednimo de 16 a\u00f1os a sus usuarios<\/b>.<\/p>\n<p>En ese sentido, todo indica que WhatsApp busca &#8216;blindarse&#8217; y establecer una nueva regla de uso:\u00a0<b>menores de 16 a\u00f1os no podr\u00e1n utilizar la aplicaci\u00f3n de mensajer\u00eda<\/b>. As\u00ed lo revel\u00f3 WABetaInfo,\u00a0un sitio web que publica las novedades que traer\u00e1 el servicio de mensajer\u00eda.<\/p>\n<p>Actualmente, la aplicaci\u00f3n de mensajer\u00eda, la cual fue usada por m\u00e1s de 1.200 millones de personas alrededor del mundo en 2017, fija los 13 a\u00f1os como edad m\u00ednima para poder usar sus servicios.<\/p>\n<p>\u00abDebes tener por lo menos 13 a\u00f1os de edad para poder usar nuestros servicios (o la edad m\u00ednima requerida en tu pa\u00eds para tener autorizaci\u00f3n para usar nuestros Servicios sin aprobaci\u00f3n de tus padres)\u00bb, rezan los t\u00e9rminos de uso de WhatsApp.<\/p>\n<p>A\u00f1aden: \u00abadem\u00e1s de tener la edad m\u00ednima requerida para usar nuestros servicios en virtud de la ley aplicable, si no tienes la edad suficiente para poder aceptar nuestros\u00a0<b>t\u00e9rminos en tu pa\u00eds, tu padre, madre o tutor deben aceptar nuestros t\u00e9rminos en tu nombre<\/b>\u00ab.<\/p>\n<p>El uso de redes sociales por parte de ni\u00f1os, ni\u00f1as y adolescentes crece constantemente. De ah\u00ed la importancia de que los padres adopten medidas para vigilar y controlar lo que hacen sus hijos en el ciberespacio.<\/p>\n<p>Los riesgos digitales no se reducen solamente a \u2018ransomware\u2019 o \u2018hackeo\u2019. Desde el ciberacoso, la extorsi\u00f3n y el enga\u00f1o hasta la producci\u00f3n y la difusi\u00f3n de material de explotaci\u00f3n sexual, las amenazas pueden tener efectos devastadores al dirigirse hacia los menores, que para la ley son m\u00e1s vulnerables y sujetos de especial protecci\u00f3n.<\/p>\n<p>Por tal motivo, la firma de ciberseguridad Eset recomienda a los padres: hablar con los hijos, pues esa es la mejor manera de consolidar la confianza de los menores. Adem\u00e1s, es importante crear reglas, como la implementaci\u00f3n de un lugar com\u00fan en donde todos los dispositivos m\u00f3viles se guardan o se cargan mientras se duerme.<\/p>\n<p>&nbsp;<\/p>\n<p>&nbsp;<\/p>\n<p>&nbsp;<\/p>\n<p>V\u00eda:\u00a0<a href=\"http:\/\/www.eltiempo.com\/tecnosfera\/apps\/whatsapp-prohibira-el-uso-de-su-plataforma-para-menores-de-16-anos-205722\">El Tiempo<\/a><\/p>\n","protected":false},"excerpt":{"rendered":"<p>La aplicaci\u00f3n, seg\u00fan medios especializados, actualizar\u00e1 en los pr\u00f3ximos d\u00edas sus pol\u00edticas de uso. WhatsApp\u00a0estar\u00eda planeando actualizar sus t\u00e9rminos de uso de cara a la entrada en vigencia de la nueva legislaci\u00f3n de la Uni\u00f3n Europea de protecci\u00f3n de datos. Dicha medida, que regir\u00e1 a partir del 25 de mayo,\u00a0prev\u00e9 sanciones m\u00e1s severas y las [&hellip;]<\/p>\n","protected":false},"author":2,"featured_media":107671,"comment_status":"closed","ping_status":"closed","sticky":false,"template":"","format":"standard","meta":{"footnotes":""},"categories":[14],"tags":[],"class_list":{"0":"post-107668","1":"post","2":"type-post","3":"status-publish","4":"format-standard","5":"has-post-thumbnail","7":"category-tecnologia"},"_links":{"self":[{"href":"https:\/\/elluchador.info\/index.php?rest_route=\/wp\/v2\/posts\/107668","targetHints":{"allow":["GET"]}}],"collection":[{"href":"https:\/\/elluchador.info\/index.php?rest_route=\/wp\/v2\/posts"}],"about":[{"href":"https:\/\/elluchador.info\/index.php?rest_route=\/wp\/v2\/types\/post"}],"author":[{"embeddable":true,"href":"https:\/\/elluchador.info\/index.php?rest_route=\/wp\/v2\/users\/2"}],"replies":[{"embeddable":true,"href":"https:\/\/elluchador.info\/index.php?rest_route=%2Fwp%2Fv2%2Fcomments&post=107668"}],"version-history":[{"count":0,"href":"https:\/\/elluchador.info\/index.php?rest_route=\/wp\/v2\/posts\/107668\/revisions"}],"wp:featuredmedia":[{"embeddable":true,"href":"https:\/\/elluchador.info\/index.php?rest_route=\/wp\/v2\/media\/107671"}],"wp:attachment":[{"href":"https:\/\/elluchador.info\/index.php?rest_route=%2Fwp%2Fv2%2Fmedia&parent=107668"}],"wp:term":[{"taxonomy":"category","embeddable":true,"href":"https:\/\/elluchador.info\/index.php?rest_route=%2Fwp%2Fv2%2Fcategories&post=107668"},{"taxonomy":"post_tag","embeddable":true,"href":"https:\/\/elluchador.info\/index.php?rest_route=%2Fwp%2Fv2%2Ftags&post=107668"}],"curies":[{"name":"wp","href":"https:\/\/api.w.org\/{rel}","templated":true}]}}