{"id":107688,"date":"2018-04-17T13:35:30","date_gmt":"2018-04-17T13:35:30","guid":{"rendered":"http:\/\/elluchador.info\/web\/?p=107688"},"modified":"2018-04-17T13:35:30","modified_gmt":"2018-04-17T13:35:30","slug":"afinan-detalles-para-el-pago-de-pasajes-con-el-carnet-de-la-patria","status":"publish","type":"post","link":"https:\/\/elluchador.info\/?p=107688","title":{"rendered":"Afinan detalles para el pago de pasajes con el Carnet de la Patria"},"content":{"rendered":"<p>El ministro de Transporte, M\/G Carlos Osorio, se reuni\u00f3 este lunes con el ministro de Planificaci\u00f3n, Ricardo Men\u00e9ndez y el presidente de Cantv, Manuel Fern\u00e1ndez para llevar a cabo este proyecto<\/p>\n<p>El Gobierno Nacional trabaja en la alianza estrat\u00e9gica para el pago electr\u00f3nico del sector transporte y el uso del carnet de la Patria como billetera m\u00f3vil, inform\u00f3 el Ministerio de Transporte, en una nota de prensa.<\/p>\n<p>Para poner en ejecuci\u00f3n este proyecto, el ministro de Transporte, M\/G\u00a0Carlos Osorio, se reuni\u00f3 este lunes con el ministro de Planificaci\u00f3n,\u00a0Ricardo Men\u00e9ndez\u00a0y el presidente de Cantv,\u00a0Manuel Fern\u00e1ndez.<\/p>\n<p>Osorio explic\u00f3 que esta la billetera m\u00f3vil permitir\u00e1 el pago del pasaje a trav\u00e9s del c\u00f3digo QR de la herramienta.\u00a0\u201cEl Carnet de la Patria se va a transformar en el m\u00e1s poderoso instrumento del pa\u00eds; la misi\u00f3n es fortalecer el sistema de servicio de transporte estudiantil y el resto de las pol\u00edticas\u201d, dijo.<\/p>\n<p>El presidente de Cantv-Movilnet acot\u00f3 que se encuentran trabajando en el desarrollo de este proyecto con dos objetivos fundamentales: \u201cel primero es que sea simple y el otro que sea seguro\u201d.<\/p>\n<p>A su vez, Men\u00e9ndez asever\u00f3 que\u00a0\u201cestamos estructurando el sistema para que todos tengan acceso al servicio de transporte p\u00fablico y que cada venezolano disfrute de una mejor fluidez en el desplazamiento\u201d.<\/p>\n<p>&nbsp;<\/p>\n<p>&nbsp;<\/p>\n<p>&nbsp;<\/p>\n<p>V\u00eda:\u00a0<a href=\"http:\/\/www.ultimasnoticias.com.ve\/noticias\/slider\/afinan-detalles-pago-pasajes-carnet-la-patria\/\">\u00daN<\/a><\/p>\n","protected":false},"excerpt":{"rendered":"<p>El ministro de Transporte, M\/G Carlos Osorio, se reuni\u00f3 este lunes con el ministro de Planificaci\u00f3n, Ricardo Men\u00e9ndez y el presidente de Cantv, Manuel Fern\u00e1ndez para llevar a cabo este proyecto El Gobierno Nacional trabaja en la alianza estrat\u00e9gica para el pago electr\u00f3nico del sector transporte y el uso del carnet de la Patria como [&hellip;]<\/p>\n","protected":false},"author":2,"featured_media":107692,"comment_status":"closed","ping_status":"closed","sticky":false,"template":"","format":"standard","meta":{"footnotes":""},"categories":[9],"tags":[],"class_list":{"0":"post-107688","1":"post","2":"type-post","3":"status-publish","4":"format-standard","5":"has-post-thumbnail","7":"category-nacionales"},"_links":{"self":[{"href":"https:\/\/elluchador.info\/index.php?rest_route=\/wp\/v2\/posts\/107688","targetHints":{"allow":["GET"]}}],"collection":[{"href":"https:\/\/elluchador.info\/index.php?rest_route=\/wp\/v2\/posts"}],"about":[{"href":"https:\/\/elluchador.info\/index.php?rest_route=\/wp\/v2\/types\/post"}],"author":[{"embeddable":true,"href":"https:\/\/elluchador.info\/index.php?rest_route=\/wp\/v2\/users\/2"}],"replies":[{"embeddable":true,"href":"https:\/\/elluchador.info\/index.php?rest_route=%2Fwp%2Fv2%2Fcomments&post=107688"}],"version-history":[{"count":0,"href":"https:\/\/elluchador.info\/index.php?rest_route=\/wp\/v2\/posts\/107688\/revisions"}],"wp:featuredmedia":[{"embeddable":true,"href":"https:\/\/elluchador.info\/index.php?rest_route=\/wp\/v2\/media\/107692"}],"wp:attachment":[{"href":"https:\/\/elluchador.info\/index.php?rest_route=%2Fwp%2Fv2%2Fmedia&parent=107688"}],"wp:term":[{"taxonomy":"category","embeddable":true,"href":"https:\/\/elluchador.info\/index.php?rest_route=%2Fwp%2Fv2%2Fcategories&post=107688"},{"taxonomy":"post_tag","embeddable":true,"href":"https:\/\/elluchador.info\/index.php?rest_route=%2Fwp%2Fv2%2Ftags&post=107688"}],"curies":[{"name":"wp","href":"https:\/\/api.w.org\/{rel}","templated":true}]}}