{"id":107689,"date":"2018-04-17T13:38:05","date_gmt":"2018-04-17T13:38:05","guid":{"rendered":"http:\/\/elluchador.info\/web\/?p=107689"},"modified":"2018-04-17T13:38:05","modified_gmt":"2018-04-17T13:38:05","slug":"ecuador-pide-a-colombia-cumplir-con-compromisos-acordados-para-capturar-secuestradores","status":"publish","type":"post","link":"https:\/\/elluchador.info\/?p=107689","title":{"rendered":"Ecuador pide a Colombia cumplir con compromisos acordados para capturar secuestradores"},"content":{"rendered":"<p><strong>El ministro de Interior de Ecuador inform\u00f3 sobre un nuevo secuestro de dos ciudadanos a\u00fan no identificados.<\/strong><\/p>\n<p>El ministro de<strong>\u00a0<\/strong>Interior de Ecuador,\u00a0C\u00e9sar Navas, ofreci\u00f3 este martes una rueda de prensa en la que pidi\u00f3 al\u00a0Gobierno colombiano\u00a0cumplir con los compromisos acordados para capturar los responsables de secuestrar y asesinar a los tres integrantes del equipo period\u00edstico ecuatoriano.<\/p>\n<p>\u00abQue quede claro a las autoridades colombianas sin su colaboraci\u00f3n estos delincuentes seguir\u00e1n atentado contra la paz\u00bb,\u00a0expres\u00f3.<\/p>\n<blockquote class=\"twitter-tweet\" data-width=\"550\" data-dnt=\"true\">\n<p lang=\"es\" dir=\"ltr\">En estos momentos @navasveracesar informa sobre nuevo secuestro de dos personas  que est\u00e1n en manos  de alias <a href=\"https:\/\/twitter.com\/hashtag\/Guacho?src=hash&amp;ref_src=twsrc%5Etfw\">#Guacho<\/a> seg\u00fan una prueba de vida enviado a trav\u00e9s del canal de comunicaci\u00f3n establecido con este. <a href=\"https:\/\/t.co\/WEpcvzyoKT\">pic.twitter.com\/WEpcvzyoKT<\/a><\/p>\n<p>&mdash; Periodismo en Bicicleta (@SalasChristianX) <a href=\"https:\/\/twitter.com\/SalasChristianX\/status\/986207348476841984?ref_src=twsrc%5Etfw\">April 17, 2018<\/a><\/p><\/blockquote>\n<p><script async src=\"https:\/\/platform.twitter.com\/widgets.js\" charset=\"utf-8\"><\/script><\/p>\n<p>Durante la rueda de prensa,\u00a0inform\u00f3 sobre un nuevo secuestro de dos personas\u00a0a\u00fan no identificadas,\u00a0en manos del capturador conocido como\u00a0\u00ab<strong>el Guacho<\/strong>\u00ab. El ministro present\u00f3 un video\u00a0de prueba de vida y solicit\u00f3 ayuda a la comunidad para su identificaci\u00f3n.<\/p>\n<p>Adem\u00e1s inform\u00f3 que el presidente de Ecuador,\u00a0<strong>Len\u00edn Moreno<\/strong>, convoc\u00f3 al\u00a0<strong>Consejo de Seguridad P\u00fablica y de Estado<\/strong>, que se reunir\u00e1 a las 10H30\u00a0hora local, para definir c\u00f3mo proceder ante esta nueva situaci\u00f3n.<\/p>\n<p>\u00abYa no caeremos en su juego, vamos a ejercer presi\u00f3n policial y militar necesaria para restablecer la paz fronteriza\u00bb enfatiz\u00f3 Navas.<\/p>\n<p>\u00abNuestro enemigo est\u00e1 afuera y se llama Guacho\u00bb, agreg\u00f3 el ministro.\u00bbVamos junto a nuestras Fuerzas Armadas a seguir trabajando incansablemente para combatir a la delincuencia\u00bb, concluy\u00f3.<\/p>\n<p>&nbsp;<\/p>\n<p>&nbsp;<\/p>\n<p>&nbsp;<\/p>\n<p>V\u00eda:\u00a0<a href=\"https:\/\/www.telesurtv.net\/news\/ecuador-colombia-cumplir-compromisos-captura-secuestradores-20180417-0013.html\">Telesur<\/a><\/p>\n","protected":false},"excerpt":{"rendered":"<p>El ministro de Interior de Ecuador inform\u00f3 sobre un nuevo secuestro de dos ciudadanos a\u00fan no identificados. El ministro de\u00a0Interior de Ecuador,\u00a0C\u00e9sar Navas, ofreci\u00f3 este martes una rueda de prensa en la que pidi\u00f3 al\u00a0Gobierno colombiano\u00a0cumplir con los compromisos acordados para capturar los responsables de secuestrar y asesinar a los tres integrantes del equipo period\u00edstico [&hellip;]<\/p>\n","protected":false},"author":2,"featured_media":107694,"comment_status":"closed","ping_status":"closed","sticky":false,"template":"","format":"standard","meta":{"footnotes":""},"categories":[8],"tags":[],"class_list":{"0":"post-107689","1":"post","2":"type-post","3":"status-publish","4":"format-standard","5":"has-post-thumbnail","7":"category-internacionales"},"_links":{"self":[{"href":"https:\/\/elluchador.info\/index.php?rest_route=\/wp\/v2\/posts\/107689","targetHints":{"allow":["GET"]}}],"collection":[{"href":"https:\/\/elluchador.info\/index.php?rest_route=\/wp\/v2\/posts"}],"about":[{"href":"https:\/\/elluchador.info\/index.php?rest_route=\/wp\/v2\/types\/post"}],"author":[{"embeddable":true,"href":"https:\/\/elluchador.info\/index.php?rest_route=\/wp\/v2\/users\/2"}],"replies":[{"embeddable":true,"href":"https:\/\/elluchador.info\/index.php?rest_route=%2Fwp%2Fv2%2Fcomments&post=107689"}],"version-history":[{"count":0,"href":"https:\/\/elluchador.info\/index.php?rest_route=\/wp\/v2\/posts\/107689\/revisions"}],"wp:featuredmedia":[{"embeddable":true,"href":"https:\/\/elluchador.info\/index.php?rest_route=\/wp\/v2\/media\/107694"}],"wp:attachment":[{"href":"https:\/\/elluchador.info\/index.php?rest_route=%2Fwp%2Fv2%2Fmedia&parent=107689"}],"wp:term":[{"taxonomy":"category","embeddable":true,"href":"https:\/\/elluchador.info\/index.php?rest_route=%2Fwp%2Fv2%2Fcategories&post=107689"},{"taxonomy":"post_tag","embeddable":true,"href":"https:\/\/elluchador.info\/index.php?rest_route=%2Fwp%2Fv2%2Ftags&post=107689"}],"curies":[{"name":"wp","href":"https:\/\/api.w.org\/{rel}","templated":true}]}}