{"id":125901,"date":"2018-12-14T15:22:33","date_gmt":"2018-12-14T15:22:33","guid":{"rendered":"http:\/\/elluchador.info\/web\/?p=125901"},"modified":"2018-12-14T15:22:33","modified_gmt":"2018-12-14T15:22:33","slug":"francia-paris-repetira-este-sabado-medidas-de-seguridad-por-el-riesgo-de-disturbios","status":"publish","type":"post","link":"https:\/\/elluchador.info\/?p=125901","title":{"rendered":"Francia | Par\u00eds repetir\u00e1 este s\u00e1bado medidas de seguridad por el riesgo de disturbios"},"content":{"rendered":"<p>Las autoridades francesas est\u00e1n preparando un dispositivo de seguridad ante las convocatorias de protesta de los \u201cchalecos amarillos\u201d del pr\u00f3ximo\u00a0<b>s\u00e1bado 15 de diciembre\u00a0<\/b>para evitar que se reproduzcan los disturbios de las \u00faltimas semanas, y en Par\u00eds ese despliegue ser\u00e1 similar al del pasado d\u00eda 8.<\/p>\n<p>El prefecto de polic\u00eda de Par\u00eds,\u00a0<b>Michel Delpuech<\/b>\u00a0explic\u00f3 en una entrevista que el dispositivo ser\u00e1 \u201cparecido al de la semana pasada\u201d, cuando hubo 8.000 agentes de las fuerzas del orden, apoyados por camiones con mangueras de agua a presi\u00f3n e incluso de blindados de la Gendarmer\u00eda para desmontar barricadas.<\/p>\n<p>En toda Francia, ese 8 de diciembre se hab\u00edan desplegado\u00a0<b>89.000 polic\u00edas<\/b>\u00a0y gendarmes, lo que no impidi\u00f3 que se repitieran las escenas de guerrilla urbana de una semana antes en la capital y en diversas ciudades, aunque con menos heridos.<\/p>\n<p>El ministro de Interior franc\u00e9s, Christophe Castaner se limit\u00f3 a indicar esta ma\u00f1ana que el dispositivo de seguridad de cara a la movilizaci\u00f3n de los \u201cchalecos amarillos\u201d va a evolucionar con respecto al de la semana pasada, que se reforzar\u00e1 y adaptar\u00e1 \u201cen todas partes donde sea necesario\u201d, y teniendo en cuenta que nadie asume las responsabilidades de la organizaci\u00f3n de las protestas.<\/p>\n<p>Castaner reiter\u00f3 su mensaje a los \u201cchalecos amarillos\u201d para que renuncien e hizo hincapi\u00e9 en que tienen que darse cuenta de que son instrumentalizados por los ultras que utilizan sus concentraciones para acciones violentas y pillajes.<\/p>\n<p>&nbsp;<\/p>\n<p><strong>globovision.com<\/strong><\/p>\n","protected":false},"excerpt":{"rendered":"<p>Las autoridades francesas est\u00e1n preparando un dispositivo de seguridad ante las convocatorias de protesta de los \u201cchalecos amarillos\u201d del pr\u00f3ximo\u00a0s\u00e1bado 15 de diciembre\u00a0para evitar que se reproduzcan los disturbios de las \u00faltimas semanas, y en Par\u00eds ese despliegue ser\u00e1 similar al del pasado d\u00eda 8. El prefecto de polic\u00eda de Par\u00eds,\u00a0Michel Delpuech\u00a0explic\u00f3 en una entrevista [&hellip;]<\/p>\n","protected":false},"author":19,"featured_media":125902,"comment_status":"closed","ping_status":"closed","sticky":false,"template":"","format":"standard","meta":{"footnotes":""},"categories":[8],"tags":[],"class_list":{"0":"post-125901","1":"post","2":"type-post","3":"status-publish","4":"format-standard","5":"has-post-thumbnail","7":"category-internacionales"},"_links":{"self":[{"href":"https:\/\/elluchador.info\/index.php?rest_route=\/wp\/v2\/posts\/125901","targetHints":{"allow":["GET"]}}],"collection":[{"href":"https:\/\/elluchador.info\/index.php?rest_route=\/wp\/v2\/posts"}],"about":[{"href":"https:\/\/elluchador.info\/index.php?rest_route=\/wp\/v2\/types\/post"}],"author":[{"embeddable":true,"href":"https:\/\/elluchador.info\/index.php?rest_route=\/wp\/v2\/users\/19"}],"replies":[{"embeddable":true,"href":"https:\/\/elluchador.info\/index.php?rest_route=%2Fwp%2Fv2%2Fcomments&post=125901"}],"version-history":[{"count":0,"href":"https:\/\/elluchador.info\/index.php?rest_route=\/wp\/v2\/posts\/125901\/revisions"}],"wp:featuredmedia":[{"embeddable":true,"href":"https:\/\/elluchador.info\/index.php?rest_route=\/wp\/v2\/media\/125902"}],"wp:attachment":[{"href":"https:\/\/elluchador.info\/index.php?rest_route=%2Fwp%2Fv2%2Fmedia&parent=125901"}],"wp:term":[{"taxonomy":"category","embeddable":true,"href":"https:\/\/elluchador.info\/index.php?rest_route=%2Fwp%2Fv2%2Fcategories&post=125901"},{"taxonomy":"post_tag","embeddable":true,"href":"https:\/\/elluchador.info\/index.php?rest_route=%2Fwp%2Fv2%2Ftags&post=125901"}],"curies":[{"name":"wp","href":"https:\/\/api.w.org\/{rel}","templated":true}]}}