{"id":125918,"date":"2018-12-14T15:57:07","date_gmt":"2018-12-14T15:57:07","guid":{"rendered":"http:\/\/elluchador.info\/web\/?p=125918"},"modified":"2018-12-14T15:57:07","modified_gmt":"2018-12-14T15:57:07","slug":"en-fotos-asi-fue-el-despliegue-de-seguridad-para-atrapar-al-terrorista-de-estrasburgo","status":"publish","type":"post","link":"https:\/\/elluchador.info\/?p=125918","title":{"rendered":"En fotos | As\u00ed fue el despliegue de seguridad para atrapar al terrorista de Estrasburgo"},"content":{"rendered":"<p class=\"\">La polic\u00eda de Francia abati\u00f3 a Ch\u00e9rif Chekatt, el terrorista de Estrasburgo, autor del atentado en el mercado navide\u00f1o de esta ciudad francesa el pasado martes.\u00a0El hombre muri\u00f3 en el barrio de Neudorf, donde se despleg\u00f3 un gran dispositivo policial.<\/p>\n<p class=\"\">La polic\u00eda, incluyendo miembros de la fuerza de intervenci\u00f3n de \u00e9lite RAID, bloque\u00f3 algunas calles en el barrio de Neudorf y registr\u00f3 varias casas a primera hora de la tarde, rese\u00f1\u00f3 AFP.<\/p>\n<div class=\"medium-insert-images ui-sortable\">\n<figure><img decoding=\"async\" class=\"image ui-sortable-handle kalooga_34482\" src=\"http:\/\/imgs.globovision.com\/ru3Ns-7h-SQuTazkN4i4utFf75Y=\/700x0\/smart\/7a40338efb414e35987f9614946b9aff\" alt=\"\" \/><\/figure>\n<\/div>\n<div class=\"medium-insert-images ui-sortable\"><i><\/i><\/p>\n<figure><img decoding=\"async\" class=\"image ui-sortable-handle kalooga_34482\" src=\"http:\/\/imgs.globovision.com\/waTLbSe05a9cyvTcf6M26SJMOsU=\/700x0\/smart\/28380f6dba394dfabc104032ecd71217\" alt=\"\" \/><\/figure>\n<\/div>\n<p class=\"\">48 horas despu\u00e9s de atentado, al menos 700 miembros de las fuerzas de seguridad francesas buscaban al sospechoso.<b><\/b><\/p>\n<div class=\"medium-insert-images ui-sortable\">\n<figure><img decoding=\"async\" class=\"image ui-sortable-handle kalooga_34482\" src=\"http:\/\/imgs.globovision.com\/R7VUfhhQAwrtr9lpmqjemsxeleo=\/700x0\/smart\/424c004fbcef4a1586d5a8ba3e959445\" alt=\"\" \/><\/figure>\n<\/div>\n<p class=\"\">La polic\u00eda de pa\u00edses cercanos se uni\u00f3 a la b\u00fasqueda de Chekatt, oriundo de Estrasburgo, que asesin\u00f3 a tres personas e hiri\u00f3 a otras 13, seg\u00fan informaci\u00f3n de las autoridades francesas.<\/p>\n<div class=\"medium-insert-images ui-sortable\"><i><\/i><\/p>\n<figure><img decoding=\"async\" class=\"image ui-sortable-handle kalooga_34482\" src=\"http:\/\/imgs.globovision.com\/ccnzBlMpSbqSK_SbCIqDtmf_bZM=\/700x0\/smart\/fed62a459d49493aa2aa22ced2caaffa\" alt=\"\" \/><\/figure>\n<\/div>\n<div class=\"medium-insert-images ui-sortable\"><i><\/i><\/p>\n<figure><img decoding=\"async\" class=\"image ui-sortable-handle kalooga_34482\" src=\"http:\/\/imgs.globovision.com\/AzCSJIxryDGalUNdRRAQdWulb9k=\/700x0\/smart\/896e1710c5b2473e98d221494d57b8e2\" alt=\"\" \/><\/figure>\n<\/div>\n<div class=\"medium-insert-images ui-sortable\"><i><\/i><\/p>\n<figure><img decoding=\"async\" class=\"image ui-sortable-handle kalooga_34482\" src=\"http:\/\/imgs.globovision.com\/rBbZRwNhuJABEZ03kt5TF_a_31E=\/700x0\/smart\/fcd35c24098049f69ad90405726ab9fd\" alt=\"\" \/><\/figure>\n<p><strong>globovision.com<\/strong><\/p>\n<\/div>\n","protected":false},"excerpt":{"rendered":"<p>La polic\u00eda de Francia abati\u00f3 a Ch\u00e9rif Chekatt, el terrorista de Estrasburgo, autor del atentado en el mercado navide\u00f1o de esta ciudad francesa el pasado martes.\u00a0El hombre muri\u00f3 en el barrio de Neudorf, donde se despleg\u00f3 un gran dispositivo policial. La polic\u00eda, incluyendo miembros de la fuerza de intervenci\u00f3n de \u00e9lite RAID, bloque\u00f3 algunas calles [&hellip;]<\/p>\n","protected":false},"author":19,"featured_media":125905,"comment_status":"closed","ping_status":"closed","sticky":false,"template":"","format":"standard","meta":{"footnotes":""},"categories":[8],"tags":[],"class_list":{"0":"post-125918","1":"post","2":"type-post","3":"status-publish","4":"format-standard","5":"has-post-thumbnail","7":"category-internacionales"},"_links":{"self":[{"href":"https:\/\/elluchador.info\/index.php?rest_route=\/wp\/v2\/posts\/125918","targetHints":{"allow":["GET"]}}],"collection":[{"href":"https:\/\/elluchador.info\/index.php?rest_route=\/wp\/v2\/posts"}],"about":[{"href":"https:\/\/elluchador.info\/index.php?rest_route=\/wp\/v2\/types\/post"}],"author":[{"embeddable":true,"href":"https:\/\/elluchador.info\/index.php?rest_route=\/wp\/v2\/users\/19"}],"replies":[{"embeddable":true,"href":"https:\/\/elluchador.info\/index.php?rest_route=%2Fwp%2Fv2%2Fcomments&post=125918"}],"version-history":[{"count":0,"href":"https:\/\/elluchador.info\/index.php?rest_route=\/wp\/v2\/posts\/125918\/revisions"}],"wp:featuredmedia":[{"embeddable":true,"href":"https:\/\/elluchador.info\/index.php?rest_route=\/wp\/v2\/media\/125905"}],"wp:attachment":[{"href":"https:\/\/elluchador.info\/index.php?rest_route=%2Fwp%2Fv2%2Fmedia&parent=125918"}],"wp:term":[{"taxonomy":"category","embeddable":true,"href":"https:\/\/elluchador.info\/index.php?rest_route=%2Fwp%2Fv2%2Fcategories&post=125918"},{"taxonomy":"post_tag","embeddable":true,"href":"https:\/\/elluchador.info\/index.php?rest_route=%2Fwp%2Fv2%2Ftags&post=125918"}],"curies":[{"name":"wp","href":"https:\/\/api.w.org\/{rel}","templated":true}]}}