{"id":125981,"date":"2018-12-14T16:46:44","date_gmt":"2018-12-14T16:46:44","guid":{"rendered":"http:\/\/elluchador.info\/web\/?p=125981"},"modified":"2018-12-14T16:46:44","modified_gmt":"2018-12-14T16:46:44","slug":"francia-suspende-5-juegos-de-futbol-por-protestas","status":"publish","type":"post","link":"https:\/\/elluchador.info\/?p=125981","title":{"rendered":"Francia suspende 5 juegos de f\u00fatbol por protestas"},"content":{"rendered":"<p><b>El Guingamp-Rennes, que se realizar\u00eda el\u00a0 pr\u00f3ximo domingo, y el Amiens-Angers, del s\u00e1bado, fueron pospuestos por la falta de efectivos de seguridad, lo que eleva a 5 el n\u00famero de encuentros retrasados por las protestas de los \u201cchalecos amarillos<\/b>\u201d y el riesgo de atentados que afronta el pa\u00eds.<\/p>\n<blockquote><p>La Liga de F\u00fatbol Profesional francesa (LFP),\u00a0<b>inform\u00f3 el retraso de estos dos encuentros pocas horas despu\u00e9s de haberlo hecho el Olympique de Marsella<\/b>\u00a0y el Girondins de Burdeos inicialmente previsto para el domingo.<\/p><\/blockquote>\n<p>El pasado mi\u00e9rcoles\u00a0<b>\u00a0se aplaz\u00f3 el Niza-Saint Etienne que se llevar\u00eda a cabo el viernes y el Nantes-Montpellier y el Caen-Toulouse programados el s\u00e1bado.<\/b><\/p>\n<blockquote><p>La LFP deber\u00e1 encontrar fechas para disputar esos encuentros,\u00a0<b>a los que se suman los seis aplazados la semana pasada tambi\u00e9n por las protestas de los \u201cchalecos amarillos\u201d.<\/b><\/p><\/blockquote>\n<p class=\"\"><b>Es el 15 de enero cuando esta programada una concentraci\u00f3n en Catar.<\/b><\/p>\n<p>&nbsp;<\/p>\n<p><strong>globovision.com<\/strong><\/p>\n","protected":false},"excerpt":{"rendered":"<p>El Guingamp-Rennes, que se realizar\u00eda el\u00a0 pr\u00f3ximo domingo, y el Amiens-Angers, del s\u00e1bado, fueron pospuestos por la falta de efectivos de seguridad, lo que eleva a 5 el n\u00famero de encuentros retrasados por las protestas de los \u201cchalecos amarillos\u201d y el riesgo de atentados que afronta el pa\u00eds. La Liga de F\u00fatbol Profesional francesa (LFP),\u00a0inform\u00f3 [&hellip;]<\/p>\n","protected":false},"author":2,"featured_media":125982,"comment_status":"closed","ping_status":"closed","sticky":false,"template":"","format":"standard","meta":{"footnotes":""},"categories":[4],"tags":[],"class_list":{"0":"post-125981","1":"post","2":"type-post","3":"status-publish","4":"format-standard","5":"has-post-thumbnail","7":"category-deportes"},"_links":{"self":[{"href":"https:\/\/elluchador.info\/index.php?rest_route=\/wp\/v2\/posts\/125981","targetHints":{"allow":["GET"]}}],"collection":[{"href":"https:\/\/elluchador.info\/index.php?rest_route=\/wp\/v2\/posts"}],"about":[{"href":"https:\/\/elluchador.info\/index.php?rest_route=\/wp\/v2\/types\/post"}],"author":[{"embeddable":true,"href":"https:\/\/elluchador.info\/index.php?rest_route=\/wp\/v2\/users\/2"}],"replies":[{"embeddable":true,"href":"https:\/\/elluchador.info\/index.php?rest_route=%2Fwp%2Fv2%2Fcomments&post=125981"}],"version-history":[{"count":0,"href":"https:\/\/elluchador.info\/index.php?rest_route=\/wp\/v2\/posts\/125981\/revisions"}],"wp:featuredmedia":[{"embeddable":true,"href":"https:\/\/elluchador.info\/index.php?rest_route=\/wp\/v2\/media\/125982"}],"wp:attachment":[{"href":"https:\/\/elluchador.info\/index.php?rest_route=%2Fwp%2Fv2%2Fmedia&parent=125981"}],"wp:term":[{"taxonomy":"category","embeddable":true,"href":"https:\/\/elluchador.info\/index.php?rest_route=%2Fwp%2Fv2%2Fcategories&post=125981"},{"taxonomy":"post_tag","embeddable":true,"href":"https:\/\/elluchador.info\/index.php?rest_route=%2Fwp%2Fv2%2Ftags&post=125981"}],"curies":[{"name":"wp","href":"https:\/\/api.w.org\/{rel}","templated":true}]}}