{"id":129540,"date":"2019-03-22T18:06:11","date_gmt":"2019-03-22T18:06:11","guid":{"rendered":"http:\/\/elluchador.info\/web\/?p=129540"},"modified":"2019-03-22T18:06:11","modified_gmt":"2019-03-22T18:06:11","slug":"alcaldia-de-caroni-celebra-dia-mundial-de-agua-con-caminata","status":"publish","type":"post","link":"https:\/\/elluchador.info\/?p=129540","title":{"rendered":"Alcald\u00eda de Caron\u00ed celebra d\u00eda mundial de agua con caminata"},"content":{"rendered":"<p>Ciudad Guayana.-. Este viernes 22 de marzo, autoridades de la Alcald\u00eda Bolivariana de Caron\u00ed, a trav\u00e9s de la Secretar\u00eda de Gesti\u00f3n Urbana, tomaron las calles de San F\u00e9lix, para realizar la gran caminata \u2013 festival cultural, y de esta manera conmemorar el D\u00eda Mundial del Agua, bajo la premisa de \u201cagua para la vida\u201d.<\/p>\n<p>\u201cM\u00e1s de 500 personas recorrimos la Avenida Gumilla, partiendo desde la Redoma de Suttis hasta el Malec\u00f3n de San F\u00e9lix, parroquia Sim\u00f3n Bol\u00edvar, para llamar la atenci\u00f3n de la comunidad y autoridades competentes de lo importante que es cuidar y preservar el elemento m\u00e1s preciado que la naturaleza le ha regalado al mundo y especialmente a esta bendita tierra guayanesa, como es el agua; fundamental para la vida y la preservaci\u00f3n del ambiente\u201d, dijo Jos\u00e9 Aro, Secretario de Gesti\u00f3n Urbana.<\/p>\n<p>Proyectos ambiciosos<\/p>\n<p>Para este 2019, anunci\u00f3 Aro, la realizaci\u00f3n de una serie de proyectos de amplio alcance, que de ser aprobados generar\u00e1n grandes beneficios para la ciudad y sus habitantes, ya que permitir\u00e1 fortalecer y preservar todos los sistemas hidr\u00e1ulicos, cuencas y espacios naturales generadores del vital l\u00edquido.<\/p>\n<p>Se est\u00e1n elaborando una serie de proyectos, con apoyo de la Direcci\u00f3n de obras para presentarlos ante Hidrobol\u00edvar y determinar la factibilidad de consolidarlos, entre los que destacan, la planta potabilizadora para San F\u00e9lix y l parroquia Cachamay; la planta procesadora de agua en Los Olivos; fortalecimiento de los acueductos rurales y consolidaci\u00f3n de pozos profundos.<\/p>\n<p>\u201cEn el Concejo municipal reposa la Ordenanza de Agua, la cual ya fue aprobada en primera discusi\u00f3n, ahora corresponde avanzar y presentarla ante el pueblo legislador para discutirla y aprobarla para que una vez en vigencia comenzar su aplicaci\u00f3n para reordenar la ciudad, su uso y responsabilidad\u201d, precis\u00f3 el Secretario de Gesti\u00f3n Urbana de la Alcald\u00eda Bolivariana de Caron\u00ed.<\/p>\n<p><img loading=\"lazy\" decoding=\"async\" class=\"size-medium wp-image-129545\" style=\"font-size: 16px;\" src=\"http:\/\/elluchador.info\/web\/wp-content\/uploads\/2019\/03\/F-2-dia-del-agua-300x294.jpg\" alt=\"\" width=\"300\" height=\"294\" srcset=\"https:\/\/elluchador.info\/wp-content\/uploads\/2019\/03\/F-2-dia-del-agua-300x294.jpg 300w, https:\/\/elluchador.info\/wp-content\/uploads\/2019\/03\/F-2-dia-del-agua.jpg 695w\" sizes=\"auto, (max-width: 300px) 100vw, 300px\" \/><\/p>\n<p>Jos\u00e9 Aro, Secretario de Gesti\u00f3n UrbanaApoyo institucional<\/p>\n<p>Convertir a Caron\u00ed en un municipio para vivir es una de las metas del Alcalde de Caron\u00ed, Tito Oviedo, y con esta actividad, queda en evidencia la disposici\u00f3n y entrega de lograrlo con el apoyo de la colectividad y todas las instituciones involucradas quienes dan lo mejor de cada una para optimar la calidad de vida de los guayaneses.<\/p>\n<p>\u201cQueremos agradecer la presencia de todas las personas e instituciones que hicieron posible esta caminata para conmemorar el D\u00eda mundial del agua, Ecoboas, Instituto Municipal de Cultura Caron\u00ed, Asociaci\u00f3n Cultural Ligia Padrino, Improambiente, como organizador de la celebraci\u00f3n; Polic\u00eda Municipal de Caron\u00ed, Bomberos de Caron\u00ed, Instituto Municipal de Transporte, Transito Terrestre\u00a0 Caron\u00ed,\u00a0 as\u00ed como a los funcionarios adscritos a todas dependencias de la Secretaria de Gesti\u00f3n Urbana\u201d, concluy\u00f3 Aro.\u00a0<strong>Prensa Alcald\u00eda Bolivariana de Caron\u00ed\/ Rosa Duarte Ropero<\/strong><\/p>\n","protected":false},"excerpt":{"rendered":"<p>Ciudad Guayana.-. Este viernes 22 de marzo, autoridades de la Alcald\u00eda Bolivariana de Caron\u00ed, a trav\u00e9s de la Secretar\u00eda de Gesti\u00f3n Urbana, tomaron las calles de San F\u00e9lix, para realizar la gran caminata \u2013 festival cultural, y de esta manera conmemorar el D\u00eda Mundial del Agua, bajo la premisa de \u201cagua para la vida\u201d. \u201cM\u00e1s [&hellip;]<\/p>\n","protected":false},"author":19,"featured_media":129544,"comment_status":"closed","ping_status":"closed","sticky":false,"template":"","format":"standard","meta":{"footnotes":""},"categories":[12],"tags":[28,26,29,27],"class_list":{"0":"post-129540","1":"post","2":"type-post","3":"status-publish","4":"format-standard","5":"has-post-thumbnail","7":"category-regionales","8":"tag-agua","9":"tag-alcaldia-de-caroni","10":"tag-caminata","11":"tag-tito-oviedo"},"_links":{"self":[{"href":"https:\/\/elluchador.info\/index.php?rest_route=\/wp\/v2\/posts\/129540","targetHints":{"allow":["GET"]}}],"collection":[{"href":"https:\/\/elluchador.info\/index.php?rest_route=\/wp\/v2\/posts"}],"about":[{"href":"https:\/\/elluchador.info\/index.php?rest_route=\/wp\/v2\/types\/post"}],"author":[{"embeddable":true,"href":"https:\/\/elluchador.info\/index.php?rest_route=\/wp\/v2\/users\/19"}],"replies":[{"embeddable":true,"href":"https:\/\/elluchador.info\/index.php?rest_route=%2Fwp%2Fv2%2Fcomments&post=129540"}],"version-history":[{"count":0,"href":"https:\/\/elluchador.info\/index.php?rest_route=\/wp\/v2\/posts\/129540\/revisions"}],"wp:featuredmedia":[{"embeddable":true,"href":"https:\/\/elluchador.info\/index.php?rest_route=\/wp\/v2\/media\/129544"}],"wp:attachment":[{"href":"https:\/\/elluchador.info\/index.php?rest_route=%2Fwp%2Fv2%2Fmedia&parent=129540"}],"wp:term":[{"taxonomy":"category","embeddable":true,"href":"https:\/\/elluchador.info\/index.php?rest_route=%2Fwp%2Fv2%2Fcategories&post=129540"},{"taxonomy":"post_tag","embeddable":true,"href":"https:\/\/elluchador.info\/index.php?rest_route=%2Fwp%2Fv2%2Ftags&post=129540"}],"curies":[{"name":"wp","href":"https:\/\/api.w.org\/{rel}","templated":true}]}}