{"id":131371,"date":"2019-05-14T15:12:27","date_gmt":"2019-05-14T15:12:27","guid":{"rendered":"https:\/\/elluchador.info\/web\/?p=131371"},"modified":"2019-05-14T15:12:31","modified_gmt":"2019-05-14T15:12:31","slug":"oea-condena-arresto-del-diputado-edgar-zambrano","status":"publish","type":"post","link":"https:\/\/elluchador.info\/?p=131371","title":{"rendered":"OEA condena arresto del diputado Edgar Zambrano"},"content":{"rendered":"\n<p>La Organizaci\u00f3n de Estados Americanos (OEA), aprob\u00f3 por consenso una resoluci\u00f3n para pedir la libertad inmediata del primer vicepresidente de la Asamblea Nacional (AN), Edgar Zambrano.<\/p>\n\n\n\n<p>El embajador de Estados Unidos en el organismo, calific\u00f3\ncomo inaceptable la detenci\u00f3n de Zambrano y reiter\u00f3 que estas acciones atentan\ncontra la democracia venezolana.<\/p>\n\n\n\n<p>Solicit\u00f3 medidas de protecci\u00f3n para el presidente de la AN,\nJuan Guaid\u00f3, y todos los diputados de la misma.<\/p>\n\n\n\n<p>Uruguay y Panam\u00e1 tambi\u00e9n deploraron lo ocurrido, mientras\nque Canad\u00e1 responsabiliz\u00f3 al gobierno nacional por la integridad de la vida del\npresidente del Parlamento, Juan Guaid\u00f3 y de los integrantes del Poder\nLegislativo, toda vez que insisti\u00f3 en que contin\u00faan buscando una salida\ndemocr\u00e1tica a la crisis.<\/p>\n\n\n\n<p>Argentina: \u201cSe est\u00e1 atropellando la libertad de expresi\u00f3n y\nla libertad de prensa. No permitamos que un legislador sea callado por dar luz\na los problemas de un pa\u00eds. Rechazamos la violaci\u00f3n de la inmunidad\nparlamentaria\u201d.<\/p>\n\n\n\n<p>La embajadora de Costa Rica exigi\u00f3 que cese el asedio contra\nlos parlamentarios, y de igual forma responsabiliz\u00f3 al presidente, Nicol\u00e1s\nMaduro, por la integridad de Zambrano.<\/p>\n\n\n\n<p>Por su parte, el representante de Rep\u00fablica Dominicana\nmanifest\u00f3 su preocupaci\u00f3n por el \u201cnuevo giro\u201d de la situaci\u00f3n pol\u00edtica,\necon\u00f3mica y social que afronta Venezuela.<\/p>\n\n\n\n<p>Chile repudi\u00f3 la arbitraria detenci\u00f3n del primer\nvicepresidente parlamentario y exige su inmediata liberaci\u00f3n. \u201cEsta maniobra de\namedrentamiento a los representantes de la AN confirma la vulneraci\u00f3n de los\nderechos\u201d.<\/p>\n\n\n\n<p>Colombia advirti\u00f3 que la aprehensi\u00f3n de Zambrano pretende generar miedo, adem\u00e1s el \u201clevantamiento\u201d de la inmunidad parlamentaria a otros siete diputados \u201ces parte de una agenda que pretende amedrentar a cualquier actor que busque el restablecimiento del orden constitucional \u201c.<\/p>\n\n\n\n<p><strong>Uni\u00f3n Radio<\/strong><\/p>\n","protected":false},"excerpt":{"rendered":"<p>Calificaron como inaceptable la violaci\u00f3n de la inmunidad parlamentaria<\/p>\n","protected":false},"author":2,"featured_media":131372,"comment_status":"closed","ping_status":"closed","sticky":false,"template":"","format":"standard","meta":{"footnotes":""},"categories":[8],"tags":[90,89],"class_list":{"0":"post-131371","1":"post","2":"type-post","3":"status-publish","4":"format-standard","5":"has-post-thumbnail","7":"category-internacionales","8":"tag-asamblea-nacional","9":"tag-diputadio"},"_links":{"self":[{"href":"https:\/\/elluchador.info\/index.php?rest_route=\/wp\/v2\/posts\/131371","targetHints":{"allow":["GET"]}}],"collection":[{"href":"https:\/\/elluchador.info\/index.php?rest_route=\/wp\/v2\/posts"}],"about":[{"href":"https:\/\/elluchador.info\/index.php?rest_route=\/wp\/v2\/types\/post"}],"author":[{"embeddable":true,"href":"https:\/\/elluchador.info\/index.php?rest_route=\/wp\/v2\/users\/2"}],"replies":[{"embeddable":true,"href":"https:\/\/elluchador.info\/index.php?rest_route=%2Fwp%2Fv2%2Fcomments&post=131371"}],"version-history":[{"count":0,"href":"https:\/\/elluchador.info\/index.php?rest_route=\/wp\/v2\/posts\/131371\/revisions"}],"wp:featuredmedia":[{"embeddable":true,"href":"https:\/\/elluchador.info\/index.php?rest_route=\/wp\/v2\/media\/131372"}],"wp:attachment":[{"href":"https:\/\/elluchador.info\/index.php?rest_route=%2Fwp%2Fv2%2Fmedia&parent=131371"}],"wp:term":[{"taxonomy":"category","embeddable":true,"href":"https:\/\/elluchador.info\/index.php?rest_route=%2Fwp%2Fv2%2Fcategories&post=131371"},{"taxonomy":"post_tag","embeddable":true,"href":"https:\/\/elluchador.info\/index.php?rest_route=%2Fwp%2Fv2%2Ftags&post=131371"}],"curies":[{"name":"wp","href":"https:\/\/api.w.org\/{rel}","templated":true}]}}