{"id":131384,"date":"2019-05-14T16:16:53","date_gmt":"2019-05-14T16:16:53","guid":{"rendered":"https:\/\/elluchador.info\/web\/?p=131384"},"modified":"2019-05-14T16:25:26","modified_gmt":"2019-05-14T16:25:26","slug":"edicion-impresa-del-diario-panorama-deja-de-circular","status":"publish","type":"post","link":"https:\/\/elluchador.info\/?p=131384","title":{"rendered":"Edici\u00f3n impresa del diario Panorama deja de circular"},"content":{"rendered":"\n<p>La edici\u00f3n impresa del diario Panorama, dejar\u00e1 de circular este\nmi\u00e9rcoles ante la escasez de papel de prensa, anunci\u00f3 el medio en su edici\u00f3n de\neste lunes, tras m\u00e1s de un siglo de vida.<\/p>\n\n\n\n<p>\u201cAgotado nuestro inventario de papel, a la edici\u00f3n impresa\nde Panorama le toca decir hasta pronto a sus fieles lectores. Nuestra tarea\ninformativa continuar\u00e1 con la misma responsabilidad y dedicaci\u00f3n a trav\u00e9s\u201d su\np\u00e1gina web, inform\u00f3 el diario en su primera p\u00e1gina.<\/p>\n\n\n\n<p>El diario regional precis\u00f3 que este martes publicar\u00e1 una\nedici\u00f3n especial \u201ccomo un regalo a su constancia y a los m\u00e1s de cien a\u00f1os en\nlos que juntos construimos historia\u201d y a modo de despedida de su publicaci\u00f3n en\npapel.<\/p>\n\n\n\n<p>Con el fin de la circulaci\u00f3n de Panorama, el estado de Zulia\nse queda sin medios impresos. Se trata del cuarto estado venezolano que deja de\nsacar peri\u00f3dicos en papel.<\/p>\n\n\n\n<p>Fundado en diciembre de 1914, Panorama pertenece desde el\na\u00f1o 1949 a un grupo de inversionistas encabezado por la familia Pineda.<\/p>\n\n\n\n<p>Panorama se une a la lista de diarios y revistas venezolanas\nque han dejado de circular en sus ediciones impresas por las limitaciones que\ntienen al acceso al papel.<\/p>\n\n\n\n<p>Otros medios del estado de Zulia, La Verdad y El Regional,\nhab\u00edan quedado solo en versi\u00f3n digital, una situaci\u00f3n que ha afectado a diarios\ncomo El Carabobe\u00f1o, Tal Cual, La Ma\u00f1ana de Falc\u00f3n y Diario Los Andes.<\/p>\n","protected":false},"excerpt":{"rendered":"<p>La edici\u00f3n impresa del diario Panorama, dejar\u00e1 de circular este mi\u00e9rcoles ante la escasez de papel de prensa, anunci\u00f3 el medio en su edici\u00f3n de este lunes, tras m\u00e1s de un siglo de vida. \u201cAgotado nuestro inventario de papel, a la edici\u00f3n impresa de Panorama le toca decir hasta pronto a sus fieles lectores. Nuestra [&hellip;]<\/p>\n","protected":false},"author":2,"featured_media":131386,"comment_status":"closed","ping_status":"closed","sticky":false,"template":"","format":"standard","meta":{"footnotes":""},"categories":[5,9],"tags":[],"class_list":{"0":"post-131384","1":"post","2":"type-post","3":"status-publish","4":"format-standard","5":"has-post-thumbnail","7":"category-destacado","8":"category-nacionales"},"_links":{"self":[{"href":"https:\/\/elluchador.info\/index.php?rest_route=\/wp\/v2\/posts\/131384","targetHints":{"allow":["GET"]}}],"collection":[{"href":"https:\/\/elluchador.info\/index.php?rest_route=\/wp\/v2\/posts"}],"about":[{"href":"https:\/\/elluchador.info\/index.php?rest_route=\/wp\/v2\/types\/post"}],"author":[{"embeddable":true,"href":"https:\/\/elluchador.info\/index.php?rest_route=\/wp\/v2\/users\/2"}],"replies":[{"embeddable":true,"href":"https:\/\/elluchador.info\/index.php?rest_route=%2Fwp%2Fv2%2Fcomments&post=131384"}],"version-history":[{"count":0,"href":"https:\/\/elluchador.info\/index.php?rest_route=\/wp\/v2\/posts\/131384\/revisions"}],"wp:featuredmedia":[{"embeddable":true,"href":"https:\/\/elluchador.info\/index.php?rest_route=\/wp\/v2\/media\/131386"}],"wp:attachment":[{"href":"https:\/\/elluchador.info\/index.php?rest_route=%2Fwp%2Fv2%2Fmedia&parent=131384"}],"wp:term":[{"taxonomy":"category","embeddable":true,"href":"https:\/\/elluchador.info\/index.php?rest_route=%2Fwp%2Fv2%2Fcategories&post=131384"},{"taxonomy":"post_tag","embeddable":true,"href":"https:\/\/elluchador.info\/index.php?rest_route=%2Fwp%2Fv2%2Ftags&post=131384"}],"curies":[{"name":"wp","href":"https:\/\/api.w.org\/{rel}","templated":true}]}}