{"id":131505,"date":"2019-05-15T22:10:24","date_gmt":"2019-05-15T22:10:24","guid":{"rendered":"https:\/\/elluchador.info\/web\/?p=131505"},"modified":"2019-05-15T18:15:13","modified_gmt":"2019-05-15T18:15:13","slug":"defensores-de-ddhh-condenan-asesinato-de-dirigente-del-partido-de-la-farc","status":"publish","type":"post","link":"https:\/\/elluchador.info\/?p=131505","title":{"rendered":"Defensores de DDHH condenan asesinato de dirigente del partido de la FARC"},"content":{"rendered":"\n<p>Tras el asesinato del dirigente del partido colombiano Fuerza<br>Alternativa Revolucionaria del Com\u00fan (FARC), Wilson Saavedra, se<br>alzaron diversas voces en la naci\u00f3n que condenan el ataque sicarial<br>del que fue v\u00edctima el dirigente.<\/p>\n\n\n\n<p>A trav\u00e9s de las redes sociales, uno de los m\u00e1s enf\u00e1ticos fue el<br>miembro del partido y senador de la naci\u00f3n, Pablo Catatumbo, quien<br>exigi\u00f3 \u201crespeto por la vida\u201d al Gobierno que preside Iv\u00e1n Duque.<\/p>\n\n\n\n<p>De igual forma se manifest\u00f3 otro senador de la Rep\u00fablica, Iv\u00e1n Cepeda,<br>as\u00ed como tambi\u00e9n expresaron su repudio la defensora del Proceso de<br>Paz, Clara L\u00f3pez Obreg\u00f3n y el defensor de los Derechos Humanos, Jorge<br>Rojas.<\/p>\n\n\n\n<p>La senadora por el partido, Victoria Sandino, fue m\u00e1s enf\u00e1tica y se<br>cuestion\u00f3 el \u201cproyecto de paz\u201d del Gobierno colombiano.<\/p>\n\n\n\n<p>El excomandante de las FARC recibi\u00f3 cinco disparos y alcanz\u00f3 a ser<br>trasladado a un centro asistencial de la localidad, donde finalmente<br>falleci\u00f3.<\/p>\n\n\n\n<p>Con la muerte de Saavedra, ya son cinco los integrantes de las FARC<br>asesinados en el Valle del Cauca, de los m\u00e1s de 130 excombatientes del<br>grupo insurgente asesinados desde la firma del Acuerdo de Paz.<\/p>\n\n\n\n<p>De igual forma, pocas horas despu\u00e9s, la Asociaci\u00f3n de Cabildos<br>Ind\u00edgenas \u2013 Cxhab Wala Kiwe de Colombia denunci\u00f3 el asesinato del<br>l\u00edder ind\u00edgena Daniel Rojas, quien era presidente de la Junta Acci\u00f3n<br>Comunal del municipio Caloto en el departamento del Cauca.\n\n<\/p>\n","protected":false},"excerpt":{"rendered":"<p>Tras el asesinato del dirigente del partido colombiano FuerzaAlternativa Revolucionaria del Com\u00fan (FARC), Wilson Saavedra, sealzaron diversas voces en la naci\u00f3n que condenan el ataque sicarialdel que fue v\u00edctima el dirigente. A trav\u00e9s de las redes sociales, uno de los m\u00e1s enf\u00e1ticos fue elmiembro del partido y senador de la naci\u00f3n, Pablo Catatumbo, quienexigi\u00f3 \u201crespeto [&hellip;]<\/p>\n","protected":false},"author":2,"featured_media":131506,"comment_status":"closed","ping_status":"closed","sticky":false,"template":"","format":"standard","meta":{"footnotes":""},"categories":[5,8],"tags":[135,133,134],"class_list":{"0":"post-131505","1":"post","2":"type-post","3":"status-publish","4":"format-standard","5":"has-post-thumbnail","7":"category-destacado","8":"category-internacionales","9":"tag-asesinato","10":"tag-ddhh","11":"tag-farc"},"_links":{"self":[{"href":"https:\/\/elluchador.info\/index.php?rest_route=\/wp\/v2\/posts\/131505","targetHints":{"allow":["GET"]}}],"collection":[{"href":"https:\/\/elluchador.info\/index.php?rest_route=\/wp\/v2\/posts"}],"about":[{"href":"https:\/\/elluchador.info\/index.php?rest_route=\/wp\/v2\/types\/post"}],"author":[{"embeddable":true,"href":"https:\/\/elluchador.info\/index.php?rest_route=\/wp\/v2\/users\/2"}],"replies":[{"embeddable":true,"href":"https:\/\/elluchador.info\/index.php?rest_route=%2Fwp%2Fv2%2Fcomments&post=131505"}],"version-history":[{"count":0,"href":"https:\/\/elluchador.info\/index.php?rest_route=\/wp\/v2\/posts\/131505\/revisions"}],"wp:featuredmedia":[{"embeddable":true,"href":"https:\/\/elluchador.info\/index.php?rest_route=\/wp\/v2\/media\/131506"}],"wp:attachment":[{"href":"https:\/\/elluchador.info\/index.php?rest_route=%2Fwp%2Fv2%2Fmedia&parent=131505"}],"wp:term":[{"taxonomy":"category","embeddable":true,"href":"https:\/\/elluchador.info\/index.php?rest_route=%2Fwp%2Fv2%2Fcategories&post=131505"},{"taxonomy":"post_tag","embeddable":true,"href":"https:\/\/elluchador.info\/index.php?rest_route=%2Fwp%2Fv2%2Ftags&post=131505"}],"curies":[{"name":"wp","href":"https:\/\/api.w.org\/{rel}","templated":true}]}}