{"id":131570,"date":"2019-05-16T14:49:50","date_gmt":"2019-05-16T14:49:50","guid":{"rendered":"https:\/\/elluchador.info\/web\/?p=131570"},"modified":"2019-05-16T15:47:53","modified_gmt":"2019-05-16T15:47:53","slug":"camara-de-comercio-solicita-al-seniat-la-derogacion-de-providencia-0141","status":"publish","type":"post","link":"https:\/\/elluchador.info\/?p=131570","title":{"rendered":"C\u00e1mara de Comercio solicita al Seniat la derogaci\u00f3n de Providencia 0141"},"content":{"rendered":"\n<p>La Junta Directiva de la Centenaria C\u00e1mara de Comercio e Industrias del Estado Bol\u00edvar (CCIEB) inform\u00f3 que est\u00e1 solicitando al Seniat la derogatoria de la Providencia 0141 publicada en Gaceta Oficial del 06 de Noviembre de 2018, en su disposici\u00f3n transitoria segunda, que establece la obligaci\u00f3n por parte del contribuyente de adaptar sus m\u00e1quinas fiscales al nuevo Sistema Centralizado de Facturaci\u00f3n Electr\u00f3nica.<\/p>\n\n\n\n<p>Esta\ninformaci\u00f3n fue dada a conocer por la Dra. Zulay L\u00f3pez Mesones, presidenta de\nla organizaci\u00f3n gremial quien explic\u00f3 que en estos momentos los comerciantes\nest\u00e1n pasando por momentos dif\u00edciles, en el contexto de la contracci\u00f3n\necon\u00f3mica del pa\u00eds, \u201cEsta solicitud no afectar\u00eda en mayor grado la gesti\u00f3n\ntributaria al existir un r\u00e9gimen de control previo a la emisi\u00f3n de la referida\nprovidencia 0141\u201d, dijo.<\/p>\n\n\n\n<p>Por\nsu parte, Julio D\u00edaz, director y asesor legal de la C\u00e1mara de Comercio expres\u00f3\nque en el caso de que el Seniat decida mantener esta providencia, debe aclarar\nsu entrada en vigencia, \u201cExigimos la seguridad jur\u00eddica prevista\nconstitucionalmente, tambi\u00e9n la adaptaci\u00f3n de los requerimientos del uso de\nm\u00e1quinas fiscales a la dif\u00edcil situaci\u00f3n econ\u00f3mica y tecnol\u00f3gica acusada\nhaciendo viable su acatamiento por las empresas contribuyentes\u201d.<\/p>\n\n\n\n<p>L\u00f3pez\nMesones indic\u00f3 que en comunicaci\u00f3n a la Superintendencia Tributaria se destaca\nla necesidad de la Inmediata divulgaci\u00f3n de informaci\u00f3n que permita conocer a\nlos contribuyentes el alcance y contenido de sus deberes formales atinentes a\nla adquisici\u00f3n y uso de las maquinas fiscales.<\/p>\n\n\n\n<p>Explic\u00f3\nque en esta providencia los contribuyentes tienen el deber de adaptar sus\nequipos, en consecuencia, deber\u00e1n cambiar o modificar las m\u00e1quinas fiscales a\nefectos de incorporarles dos nuevos elementos obligatorios: (i) Memoria de\nAuditor\u00eda y (ii) Dispositivo de captura y Transmisi\u00f3n de Datos.<\/p>\n\n\n\n<p>Tambi\u00e9n\nse\u00f1al\u00f3 la presidenta de la C\u00e1mara de Comercio que a la fecha, existe un retraso\nconsiderable e inviable despu\u00e9s del transcurrir los 60 d\u00edas de la prolongaci\u00f3n\nen Gaceta Oficial de la Rep\u00fablica Bolivariana de Venezuela.<\/p>\n\n\n\n<p>La\npresentaci\u00f3n de parte del fabricante de los modelos de m\u00e1quinas para su\naprobaci\u00f3n por parte del&nbsp; SENIAT a\nconsecuencia el Contribuyente obligado no sabe ni tiene la obligaci\u00f3n de comprar\nuna nueva m\u00e1quina fiscal hasta que la Administraci\u00f3n Tributaria la apruebe. Sin\nembargo, lo dicho en el portal hace suponer que ya fueron aprobados algunos\nequipos, sin que se tenga ning\u00fan tipo de informaci\u00f3n oficial al respecto, en\nconsecuencia, es imposible conocer con certeza la fuente de la cuela se infiere\nuna fecha tope indicada en el portal SENIAT.<\/p>\n\n\n\n<p>Asegur\u00f3 que el retraso en la configuraci\u00f3n y publicaci\u00f3n del listado se debe fundamentalmente a la gran dificultad de las empresas especializadas en la distribuci\u00f3n y comercializaci\u00f3n de las m\u00e1quinas fiscales de acceder a su adquisici\u00f3n en el mercado internacional o en el interno, con seguridad m\u00e1s en el exterior que en Venezuela, en virtud de la depreciaci\u00f3n monetaria y la dificultad de imponerse de las divisas suficientes para tal fin. <\/p>\n\n\n\n<p><strong>Prensa CCIEB<\/strong><\/p>\n","protected":false},"excerpt":{"rendered":"<p>La Junta Directiva de la Centenaria C\u00e1mara de Comercio e Industrias del Estado Bol\u00edvar (CCIEB) inform\u00f3 que est\u00e1 solicitando al Seniat la derogatoria de la Providencia 0141 publicada en Gaceta Oficial del 06 de Noviembre de 2018, en su disposici\u00f3n transitoria segunda, que establece la obligaci\u00f3n por parte del contribuyente de adaptar sus m\u00e1quinas fiscales [&hellip;]<\/p>\n","protected":false},"author":2,"featured_media":131571,"comment_status":"closed","ping_status":"closed","sticky":false,"template":"","format":"standard","meta":{"footnotes":""},"categories":[5,12],"tags":[167,169,168],"class_list":{"0":"post-131570","1":"post","2":"type-post","3":"status-publish","4":"format-standard","5":"has-post-thumbnail","7":"category-destacado","8":"category-regionales","9":"tag-camara-de-comercio","10":"tag-directiva","11":"tag-seniat"},"_links":{"self":[{"href":"https:\/\/elluchador.info\/index.php?rest_route=\/wp\/v2\/posts\/131570","targetHints":{"allow":["GET"]}}],"collection":[{"href":"https:\/\/elluchador.info\/index.php?rest_route=\/wp\/v2\/posts"}],"about":[{"href":"https:\/\/elluchador.info\/index.php?rest_route=\/wp\/v2\/types\/post"}],"author":[{"embeddable":true,"href":"https:\/\/elluchador.info\/index.php?rest_route=\/wp\/v2\/users\/2"}],"replies":[{"embeddable":true,"href":"https:\/\/elluchador.info\/index.php?rest_route=%2Fwp%2Fv2%2Fcomments&post=131570"}],"version-history":[{"count":0,"href":"https:\/\/elluchador.info\/index.php?rest_route=\/wp\/v2\/posts\/131570\/revisions"}],"wp:featuredmedia":[{"embeddable":true,"href":"https:\/\/elluchador.info\/index.php?rest_route=\/wp\/v2\/media\/131571"}],"wp:attachment":[{"href":"https:\/\/elluchador.info\/index.php?rest_route=%2Fwp%2Fv2%2Fmedia&parent=131570"}],"wp:term":[{"taxonomy":"category","embeddable":true,"href":"https:\/\/elluchador.info\/index.php?rest_route=%2Fwp%2Fv2%2Fcategories&post=131570"},{"taxonomy":"post_tag","embeddable":true,"href":"https:\/\/elluchador.info\/index.php?rest_route=%2Fwp%2Fv2%2Ftags&post=131570"}],"curies":[{"name":"wp","href":"https:\/\/api.w.org\/{rel}","templated":true}]}}