{"id":138966,"date":"2019-07-23T10:15:58","date_gmt":"2019-07-23T14:15:58","guid":{"rendered":"https:\/\/elluchador.info\/web\/?p=138966"},"modified":"2019-07-23T10:16:10","modified_gmt":"2019-07-23T14:16:10","slug":"suspendidas-actividades-laborales-y-escolares-este-martes","status":"publish","type":"post","link":"https:\/\/elluchador.info\/?p=138966","title":{"rendered":"Suspendidas actividades laborales y escolares este martes"},"content":{"rendered":"\n<p>&nbsp;El vicepresidente Sectorial de Comunicaci\u00f3n, Cultura y Turismo,<strong>&nbsp;Jorge Rodr\u00edguez<\/strong>, inform\u00f3 que las actividades laborales y escolares fueron suspendidas este martes 23 de julio en el territorio nacional, a prop\u00f3sito del nuevo apag\u00f3n registrado en el pa\u00eds la tarde de este lunes.<\/p>\n\n\n\n<p>A trav\u00e9s de su red social en twitter, Rodr\u00edguez recomend\u00f3 a la poblaci\u00f3n mantenerse en sus hogares.<\/p>\n\n\n\n<figure class=\"wp-block-embed-twitter wp-block-embed is-type-rich is-provider-twitter\"><div class=\"wp-block-embed__wrapper\">\n<blockquote class=\"twitter-tweet\" data-width=\"550\" data-dnt=\"true\"><p lang=\"es\" dir=\"ltr\">Atenci\u00f3n!! Para coadyuvar en el proceso de reconexi\u00f3n que se est\u00e1 realizando del servicio el\u00e9ctrico nacional, se suspenden las actividades laborales y educativas regulares el d\u00eda martes 23 de julio. A menos que algo urgente lo requiera, recomendamos mantenerse en sus casas<\/p>&mdash; Jorge Rodr\u00edguez (@jorgerpsuv) <a href=\"https:\/\/twitter.com\/jorgerpsuv\/status\/1153515896763232256?ref_src=twsrc%5Etfw\">July 23, 2019<\/a><\/blockquote><script async src=\"https:\/\/platform.twitter.com\/widgets.js\" charset=\"utf-8\"><\/script>\n<\/div><\/figure>\n\n\n\n<p>Uni\u00f3n Radio<\/p>\n","protected":false},"excerpt":{"rendered":"<p>&nbsp;El vicepresidente Sectorial de Comunicaci\u00f3n, Cultura y Turismo,&nbsp;Jorge Rodr\u00edguez, inform\u00f3 que las actividades laborales y escolares fueron suspendidas este martes 23 de julio en el territorio nacional, a prop\u00f3sito del nuevo apag\u00f3n registrado en el pa\u00eds la tarde de este lunes. A trav\u00e9s de su red social en twitter, Rodr\u00edguez recomend\u00f3 a la poblaci\u00f3n mantenerse [&hellip;]<\/p>\n","protected":false},"author":2,"featured_media":129766,"comment_status":"closed","ping_status":"closed","sticky":false,"template":"","format":"standard","meta":{"footnotes":""},"categories":[5,9],"tags":[],"class_list":{"0":"post-138966","1":"post","2":"type-post","3":"status-publish","4":"format-standard","5":"has-post-thumbnail","7":"category-destacado","8":"category-nacionales"},"_links":{"self":[{"href":"https:\/\/elluchador.info\/index.php?rest_route=\/wp\/v2\/posts\/138966","targetHints":{"allow":["GET"]}}],"collection":[{"href":"https:\/\/elluchador.info\/index.php?rest_route=\/wp\/v2\/posts"}],"about":[{"href":"https:\/\/elluchador.info\/index.php?rest_route=\/wp\/v2\/types\/post"}],"author":[{"embeddable":true,"href":"https:\/\/elluchador.info\/index.php?rest_route=\/wp\/v2\/users\/2"}],"replies":[{"embeddable":true,"href":"https:\/\/elluchador.info\/index.php?rest_route=%2Fwp%2Fv2%2Fcomments&post=138966"}],"version-history":[{"count":1,"href":"https:\/\/elluchador.info\/index.php?rest_route=\/wp\/v2\/posts\/138966\/revisions"}],"predecessor-version":[{"id":138970,"href":"https:\/\/elluchador.info\/index.php?rest_route=\/wp\/v2\/posts\/138966\/revisions\/138970"}],"wp:featuredmedia":[{"embeddable":true,"href":"https:\/\/elluchador.info\/index.php?rest_route=\/wp\/v2\/media\/129766"}],"wp:attachment":[{"href":"https:\/\/elluchador.info\/index.php?rest_route=%2Fwp%2Fv2%2Fmedia&parent=138966"}],"wp:term":[{"taxonomy":"category","embeddable":true,"href":"https:\/\/elluchador.info\/index.php?rest_route=%2Fwp%2Fv2%2Fcategories&post=138966"},{"taxonomy":"post_tag","embeddable":true,"href":"https:\/\/elluchador.info\/index.php?rest_route=%2Fwp%2Fv2%2Ftags&post=138966"}],"curies":[{"name":"wp","href":"https:\/\/api.w.org\/{rel}","templated":true}]}}