{"id":138969,"date":"2019-07-23T07:14:41","date_gmt":"2019-07-23T11:14:41","guid":{"rendered":"https:\/\/elluchador.info\/web\/?p=138969"},"modified":"2019-07-23T10:36:41","modified_gmt":"2019-07-23T14:36:41","slug":"luis-fonsi-cantara-un-medley-de-sus-temas-en-la-inauguracion-de-lima-2019","status":"publish","type":"post","link":"https:\/\/elluchador.info\/?p=138969","title":{"rendered":"Luis Fonsi cantar\u00e1 un medley de sus temas en la inauguraci\u00f3n de Lima 2019"},"content":{"rendered":"\n<p>El cantante puertorrique\u00f1o Luis Fonsi cantar\u00e1 un medley de sus temas mel\u00f3dicos y r\u00edtmicos, con alguna \u00absorpresa\u00bb, durante la inauguraci\u00f3n de los Juegos Panamericanos Lima 2019, en la que compartir\u00e1 escenario con el tenor peruano Juan Diego Fl\u00f3rez, seg\u00fan anunci\u00f3 este lunes en rueda de prensa.<\/p>\n\n\n\n<p>\u00abA m\u00ed lo que me gusta es poder hacer ambas cosas: poner a la gente a bailar y poder cantar una canci\u00f3n con una guitarra ac\u00fastica, eso soy yo, esa mezcla rara quiz\u00e1 para mucha gente porque es amplia y cruza muchos g\u00e9neros a la misma vez\u00bb, explic\u00f3 en Lima el int\u00e9rprete de \u00abDespacito\u00bb.<\/p>\n\n\n\n<p>El artista agreg\u00f3 que eso es \u00abun poquito de lo que van a ver, no es un show completo porque no puedo estar ah\u00ed dos horas cantando, pero s\u00ed vamos a hacer algo especial, una mezcla, una especie de medley de varias canciones de diferentes g\u00e9neros, de diferentes colores, de diferentes sabores y sorpresas\u00bb.<\/p>\n\n\n\n<p>Fonsi cont\u00f3 a la prensa que \u00e9l se define como \u00abun artista pop, canto canciones rom\u00e1nticas y r\u00edtmicas, mezclo g\u00e9neros, algunas canciones tienen fusiones con el g\u00e9nero urbano, como es \u2018Imposible\u2019, como es \u2018Despacito\u2019, algo que estoy disfrutando much\u00edsimo\u00bb.<\/p>\n\n\n\n<p>Asimismo, el cantante dijo tambi\u00e9n haber grabado \u00abfusiones con g\u00e9neros m\u00e1s latinos, como \u2018Echame la culpa\u2019, que tiene un toque de vallenato\u00bb.<\/p>\n\n\n\n<p>\u00abCreo que la m\u00fasica es aventurar y es celebrar\u00bb, subray\u00f3 el int\u00e9rprete, que se declar\u00f3 un fan\u00e1tico del deporte.<\/p>\n\n\n\n<p>Respecto a la ceremonia de inauguraci\u00f3n del pr\u00f3ximo viernes en el Estadio Nacional de Lima, Fonsi prometi\u00f3 que \u00abva a ser una noche muy especial con miles de personas que llevan mucho tiempo trabajando, por mi parte mi equipo y yo tambi\u00e9n llevamos mucho tiempo preparando todos los detalles, coreograf\u00edas, arreglos musicales, y sorpresas para que sea una noche m\u00e1gica como merece ser\u00bb.<\/p>\n\n\n\n<p>Fonsi declar\u00f3 que alguna vez pens\u00f3 en convertirse en un beisbolista profesional, pero que ahora practica \u00abde todo un poco\u00bb entre los deportes, especialmente el baloncesto.<\/p>\n\n\n\n<p>\u00abEstoy feliz de que mi islita tambi\u00e9n est\u00e9 presente en estos juegos, Puerto Rico, especialmente en estos momentos que estamos viviendo\u00bb, manifest\u00f3 en alusi\u00f3n a las manifestaciones de protesta que piden la renuncia del gobernador, Ricardo Rosell\u00f3.<\/p>\n\n\n\n<p>Al comentar el evento deportivo, el int\u00e9rprete afirm\u00f3 que \u00abesta uni\u00f3n de pa\u00edses, de deportes, es una celebraci\u00f3n donde podemos unirnos y demostrarle al mundo entero todo ese esfuerzo que han hecho\u00bb.<\/p>\n\n\n\n<p>\u00abEstoy feliz de que podemos hablar y cantar en nuestro idioma, estoy honrado de acompa\u00f1ar a grandes artistas nacionales que ser\u00e1n parte de estos juegos y poder ponerle mi toque r\u00edtmico y rom\u00e1ntico a unos juegos hermosos, donde miles de atletas han estado prepar\u00e1ndose para darlo todo\u00bb, a\u00f1adi\u00f3.<\/p>\n\n\n\n<p>La ceremonia inaugural el pr\u00f3ximo 26 contar\u00e1 con la participaci\u00f3n, adem\u00e1s del tenor peruano Juan Diego Fl\u00f3rez, de los cantantes Sandra Muente y Pelo de Ambrosio, entre otros artistas locales, seg\u00fan indic\u00f3 la organizaci\u00f3n.<\/p>\n\n\n\n<p>Los Juegos Panamericanos Lima 2019 reunir\u00e1n a 6.648 atletas de 41 pa\u00edses de Am\u00e9rica, que participar\u00e1n hasta el pr\u00f3ximo 11 de agosto en 61 disciplinas de 39 deportes, en escenarios instalados en 14 distritos de Lima y el Callao.<\/p>\n\n\n\n<p>EFE<\/p>\n","protected":false},"excerpt":{"rendered":"<p>El cantante puertorrique\u00f1o Luis Fonsi cantar\u00e1 un medley de sus temas mel\u00f3dicos y r\u00edtmicos, con alguna \u00absorpresa\u00bb, durante la inauguraci\u00f3n de los Juegos Panamericanos Lima 2019, en la que compartir\u00e1 escenario con el tenor peruano Juan Diego Fl\u00f3rez, seg\u00fan anunci\u00f3 este lunes en rueda de prensa. \u00abA m\u00ed lo que me gusta es poder hacer [&hellip;]<\/p>\n","protected":false},"author":2,"featured_media":102138,"comment_status":"closed","ping_status":"closed","sticky":false,"template":"","format":"standard","meta":{"footnotes":""},"categories":[7],"tags":[],"class_list":{"0":"post-138969","1":"post","2":"type-post","3":"status-publish","4":"format-standard","5":"has-post-thumbnail","7":"category-entretenimiento"},"_links":{"self":[{"href":"https:\/\/elluchador.info\/index.php?rest_route=\/wp\/v2\/posts\/138969","targetHints":{"allow":["GET"]}}],"collection":[{"href":"https:\/\/elluchador.info\/index.php?rest_route=\/wp\/v2\/posts"}],"about":[{"href":"https:\/\/elluchador.info\/index.php?rest_route=\/wp\/v2\/types\/post"}],"author":[{"embeddable":true,"href":"https:\/\/elluchador.info\/index.php?rest_route=\/wp\/v2\/users\/2"}],"replies":[{"embeddable":true,"href":"https:\/\/elluchador.info\/index.php?rest_route=%2Fwp%2Fv2%2Fcomments&post=138969"}],"version-history":[{"count":1,"href":"https:\/\/elluchador.info\/index.php?rest_route=\/wp\/v2\/posts\/138969\/revisions"}],"predecessor-version":[{"id":138975,"href":"https:\/\/elluchador.info\/index.php?rest_route=\/wp\/v2\/posts\/138969\/revisions\/138975"}],"wp:featuredmedia":[{"embeddable":true,"href":"https:\/\/elluchador.info\/index.php?rest_route=\/wp\/v2\/media\/102138"}],"wp:attachment":[{"href":"https:\/\/elluchador.info\/index.php?rest_route=%2Fwp%2Fv2%2Fmedia&parent=138969"}],"wp:term":[{"taxonomy":"category","embeddable":true,"href":"https:\/\/elluchador.info\/index.php?rest_route=%2Fwp%2Fv2%2Fcategories&post=138969"},{"taxonomy":"post_tag","embeddable":true,"href":"https:\/\/elluchador.info\/index.php?rest_route=%2Fwp%2Fv2%2Ftags&post=138969"}],"curies":[{"name":"wp","href":"https:\/\/api.w.org\/{rel}","templated":true}]}}