{"id":138984,"date":"2019-07-23T15:49:09","date_gmt":"2019-07-23T19:49:09","guid":{"rendered":"https:\/\/elluchador.info\/web\/?p=138984"},"modified":"2019-07-23T10:56:02","modified_gmt":"2019-07-23T14:56:02","slug":"muere-director-general-del-oiea-yukiya-amano","status":"publish","type":"post","link":"https:\/\/elluchador.info\/?p=138984","title":{"rendered":"Muere director general del OIEA Yukiya Amano"},"content":{"rendered":"\n<p>El japon\u00e9s Yukiya Amano, director general del Organismo Internacional de Energ\u00eda At\u00f3mica (OIEA), ha fallecido a los 72 a\u00f1os de edad, seg\u00fan inform\u00f3 este lunes la organizaci\u00f3n.<\/p>\n\n\n\n<p>En un comunicado, el secretariado del OIEA expresa su \u00abmayor tristeza\u00bb al comunicar la muerte del diplom\u00e1tico nip\u00f3n, que ocupaba el m\u00e1s alto cargo del organismo desde 2009.<\/p>\n\n\n\n<p>La nota no precisa la fecha exacta, ni el lugar ni las causas del fallecimiento, sino que se limita a \u00abcompartir una reciente reflexi\u00f3n\u00bb que Amano planeaba incluir en una carta a la Junta de Gobernadores del OIEA en la que iba a presentar su dimisi\u00f3n.<\/p>\n\n\n\n<p>\u00abDurante la \u00faltima d\u00e9cada, el organismo logr\u00f3 resultados concretos para conseguir los objetivos de \u2018\u00c1tomos para la Paz y el Desarrollo\u2019, gracias al apoyo de los Estados miembros y la dedicaci\u00f3n del personal\u00bb del OIEA, habr\u00eda resaltado Amano en la misiva, en la que expresaba su orgullo y agradecimiento.<\/p>\n\n\n\n<p>El breve comunicado, publicado en la p\u00e1gina web de la autoridad del sistema de Naciones Unidas encargada de velar por el uso pac\u00edfico de la energ\u00eda nuclear, concluye diciendo que la bandera del OIEA ondea \u00aba media asta\u00bb.<\/p>\n\n\n\n<p>EFE<a href=\"https:\/\/unionradio.net\/argentina-recibira-denuncias-por-violacion-de-ddhh-en-venezuela\/\"><br>\n\n<\/a><\/p>\n","protected":false},"excerpt":{"rendered":"<p>El japon\u00e9s Yukiya Amano, director general del Organismo Internacional de Energ\u00eda At\u00f3mica (OIEA), ha fallecido a los 72 a\u00f1os de edad, seg\u00fan inform\u00f3 este lunes la organizaci\u00f3n. En un comunicado, el secretariado del OIEA expresa su \u00abmayor tristeza\u00bb al comunicar la muerte del diplom\u00e1tico nip\u00f3n, que ocupaba el m\u00e1s alto cargo del organismo desde 2009. [&hellip;]<\/p>\n","protected":false},"author":2,"featured_media":138988,"comment_status":"closed","ping_status":"closed","sticky":false,"template":"","format":"standard","meta":{"footnotes":""},"categories":[8],"tags":[],"class_list":{"0":"post-138984","1":"post","2":"type-post","3":"status-publish","4":"format-standard","5":"has-post-thumbnail","7":"category-internacionales"},"_links":{"self":[{"href":"https:\/\/elluchador.info\/index.php?rest_route=\/wp\/v2\/posts\/138984","targetHints":{"allow":["GET"]}}],"collection":[{"href":"https:\/\/elluchador.info\/index.php?rest_route=\/wp\/v2\/posts"}],"about":[{"href":"https:\/\/elluchador.info\/index.php?rest_route=\/wp\/v2\/types\/post"}],"author":[{"embeddable":true,"href":"https:\/\/elluchador.info\/index.php?rest_route=\/wp\/v2\/users\/2"}],"replies":[{"embeddable":true,"href":"https:\/\/elluchador.info\/index.php?rest_route=%2Fwp%2Fv2%2Fcomments&post=138984"}],"version-history":[{"count":1,"href":"https:\/\/elluchador.info\/index.php?rest_route=\/wp\/v2\/posts\/138984\/revisions"}],"predecessor-version":[{"id":138990,"href":"https:\/\/elluchador.info\/index.php?rest_route=\/wp\/v2\/posts\/138984\/revisions\/138990"}],"wp:featuredmedia":[{"embeddable":true,"href":"https:\/\/elluchador.info\/index.php?rest_route=\/wp\/v2\/media\/138988"}],"wp:attachment":[{"href":"https:\/\/elluchador.info\/index.php?rest_route=%2Fwp%2Fv2%2Fmedia&parent=138984"}],"wp:term":[{"taxonomy":"category","embeddable":true,"href":"https:\/\/elluchador.info\/index.php?rest_route=%2Fwp%2Fv2%2Fcategories&post=138984"},{"taxonomy":"post_tag","embeddable":true,"href":"https:\/\/elluchador.info\/index.php?rest_route=%2Fwp%2Fv2%2Ftags&post=138984"}],"curies":[{"name":"wp","href":"https:\/\/api.w.org\/{rel}","templated":true}]}}