{"id":138996,"date":"2019-07-23T17:39:58","date_gmt":"2019-07-23T21:39:58","guid":{"rendered":"https:\/\/elluchador.info\/web\/?p=138996"},"modified":"2019-07-23T11:46:44","modified_gmt":"2019-07-23T15:46:44","slug":"inician-formacion-de-capellanes-en-upata","status":"publish","type":"post","link":"https:\/\/elluchador.info\/?p=138996","title":{"rendered":"Inician formaci\u00f3n de Capellanes en Upata"},"content":{"rendered":"\n<p>Un grupo de hombres y mujeres decidieron iniciarse en talleres de formaci\u00f3n como futuros Capellanes cuya labor es enfocarse en lo que son temas sociales que guarden relaci\u00f3n con los derechos humanos.<\/p>\n\n\n\n<p>La informaci\u00f3n fue dada&nbsp; conocer por Luis Roberto Carrasquero, quien se identific\u00f3 como capell\u00e1n Mayor General de la Confederaci\u00f3n Nacional de Capellanes de Derechos Humanos de Venezuela, enfatizando que es un relanzamiento que se est\u00e1 dando en la ciudad de Upata. \u201cen estos momentos se hace indispensable hacer \u00e9nfasis y actuar en cuanto a los Derechos Humanos en nuestro pa\u00eds, producto de lo que se vive en Venezuela. <\/p>\n\n\n\n<p>Los que est\u00e9n interesados en formar parte de estos talleres y cursos lo puede hacer a trav\u00e9s de tel\u00e9fono celular 0424 9266340 a la escuela se entra a formaci\u00f3n inicial de ocho meses y luego son tres a\u00f1os para salir como doctores en teolog\u00eda o Licenciados en Criminal\u00edstica y Derechos Humanos, y actualmente la formaci\u00f3n comienza en Upata en la sede de la Unefa, acot\u00f3.&nbsp;&nbsp;&nbsp; &nbsp;&nbsp;&nbsp;&nbsp;&nbsp;<\/p>\n\n\n\n<p><strong>Jos\u00e9 Garc\u00eda<\/strong><\/p>\n","protected":false},"excerpt":{"rendered":"<p>Un grupo de hombres y mujeres decidieron iniciarse en talleres de formaci\u00f3n como futuros Capellanes cuya labor es enfocarse en lo que son temas sociales que guarden relaci\u00f3n con los derechos humanos. La informaci\u00f3n fue dada&nbsp; conocer por Luis Roberto Carrasquero, quien se identific\u00f3 como capell\u00e1n Mayor General de la Confederaci\u00f3n Nacional de Capellanes de [&hellip;]<\/p>\n","protected":false},"author":2,"featured_media":138999,"comment_status":"closed","ping_status":"closed","sticky":false,"template":"","format":"standard","meta":{"footnotes":""},"categories":[12],"tags":[],"class_list":{"0":"post-138996","1":"post","2":"type-post","3":"status-publish","4":"format-standard","5":"has-post-thumbnail","7":"category-regionales"},"_links":{"self":[{"href":"https:\/\/elluchador.info\/index.php?rest_route=\/wp\/v2\/posts\/138996","targetHints":{"allow":["GET"]}}],"collection":[{"href":"https:\/\/elluchador.info\/index.php?rest_route=\/wp\/v2\/posts"}],"about":[{"href":"https:\/\/elluchador.info\/index.php?rest_route=\/wp\/v2\/types\/post"}],"author":[{"embeddable":true,"href":"https:\/\/elluchador.info\/index.php?rest_route=\/wp\/v2\/users\/2"}],"replies":[{"embeddable":true,"href":"https:\/\/elluchador.info\/index.php?rest_route=%2Fwp%2Fv2%2Fcomments&post=138996"}],"version-history":[{"count":1,"href":"https:\/\/elluchador.info\/index.php?rest_route=\/wp\/v2\/posts\/138996\/revisions"}],"predecessor-version":[{"id":139004,"href":"https:\/\/elluchador.info\/index.php?rest_route=\/wp\/v2\/posts\/138996\/revisions\/139004"}],"wp:featuredmedia":[{"embeddable":true,"href":"https:\/\/elluchador.info\/index.php?rest_route=\/wp\/v2\/media\/138999"}],"wp:attachment":[{"href":"https:\/\/elluchador.info\/index.php?rest_route=%2Fwp%2Fv2%2Fmedia&parent=138996"}],"wp:term":[{"taxonomy":"category","embeddable":true,"href":"https:\/\/elluchador.info\/index.php?rest_route=%2Fwp%2Fv2%2Fcategories&post=138996"},{"taxonomy":"post_tag","embeddable":true,"href":"https:\/\/elluchador.info\/index.php?rest_route=%2Fwp%2Fv2%2Ftags&post=138996"}],"curies":[{"name":"wp","href":"https:\/\/api.w.org\/{rel}","templated":true}]}}