{"id":139030,"date":"2019-07-23T13:17:06","date_gmt":"2019-07-23T17:17:06","guid":{"rendered":"https:\/\/elluchador.info\/web\/?p=139030"},"modified":"2019-07-23T13:17:11","modified_gmt":"2019-07-23T17:17:11","slug":"exploto-central-electrica-de-artigas-que-afecto-una-vivienda-y-dejo-sin-luz-a-parte-de-la-parroquia-de-san-juan","status":"publish","type":"post","link":"https:\/\/elluchador.info\/?p=139030","title":{"rendered":"Explot\u00f3 central el\u00e9ctrica de Artigas que afect\u00f3 una vivienda y dej\u00f3 sin luz a parte de la parroquia de San Juan"},"content":{"rendered":"\n<p><strong><em>No se registraron heridos. En el lugar se apersonaron efectivos de Bomberos del Distrito Capital, PNB y Faes<\/em><\/strong><\/p>\n\n\n\n<p>Vecinos de Artigas reportaron una explosi\u00f3n que se registr\u00f3 en la subestaci\u00f3n el\u00e9ctrica de Artigas de la parroquia San Juan, en Caracas, la ma\u00f1ana de este martes 23 de julio, afectando a los vecinos de San Mart\u00edn.<\/p>\n\n\n\n<p>La fuerte explosi\u00f3n se registr\u00f3 la ma\u00f1ana de este martes en la calle Guaicaipuro de Artigas, que afect\u00f3 una vivienda aleda\u00f1a, donde se encontraban residenciados ni\u00f1os y adultos mayores. Sin embargo, no hubo heridos.<ins><\/ins><\/p>\n\n\n\n<p>Al lugar se presentaron efectivos de la Polic\u00eda Nacional Bolivariana (PNB) y de las Fuerzas de Acciones Especiales (Faes). Presuntamente detuvieron a un sospechoso que pudo haber provocado la explosi\u00f3n.<\/p>\n\n\n\n<p>Las zonas aleda\u00f1as a Artigas quedaron nuevamente sin servicio el\u00e9ctrico por el suceso, tomando en cuenta que hab\u00eda sido restituido la madrugada despu\u00e9s del mega apag\u00f3n que se registr\u00f3 este lunes 22 de julio.<\/p>\n\n\n\n<p>Funcionarios de los Bomberos del Distrito Capital atendieron la contingencia y esperan la llegada de cuadrillas de la Corporaci\u00f3n El\u00e9ctrica (Corpoelec).<\/p>\n\n\n\n<p>contrapunto.com<\/p>\n","protected":false},"excerpt":{"rendered":"<p>No se registraron heridos. En el lugar se apersonaron efectivos de Bomberos del Distrito Capital, PNB y Faes Vecinos de Artigas reportaron una explosi\u00f3n que se registr\u00f3 en la subestaci\u00f3n el\u00e9ctrica de Artigas de la parroquia San Juan, en Caracas, la ma\u00f1ana de este martes 23 de julio, afectando a los vecinos de San Mart\u00edn. [&hellip;]<\/p>\n","protected":false},"author":2,"featured_media":139033,"comment_status":"closed","ping_status":"closed","sticky":false,"template":"","format":"standard","meta":{"footnotes":""},"categories":[9],"tags":[],"class_list":{"0":"post-139030","1":"post","2":"type-post","3":"status-publish","4":"format-standard","5":"has-post-thumbnail","7":"category-nacionales"},"_links":{"self":[{"href":"https:\/\/elluchador.info\/index.php?rest_route=\/wp\/v2\/posts\/139030","targetHints":{"allow":["GET"]}}],"collection":[{"href":"https:\/\/elluchador.info\/index.php?rest_route=\/wp\/v2\/posts"}],"about":[{"href":"https:\/\/elluchador.info\/index.php?rest_route=\/wp\/v2\/types\/post"}],"author":[{"embeddable":true,"href":"https:\/\/elluchador.info\/index.php?rest_route=\/wp\/v2\/users\/2"}],"replies":[{"embeddable":true,"href":"https:\/\/elluchador.info\/index.php?rest_route=%2Fwp%2Fv2%2Fcomments&post=139030"}],"version-history":[{"count":1,"href":"https:\/\/elluchador.info\/index.php?rest_route=\/wp\/v2\/posts\/139030\/revisions"}],"predecessor-version":[{"id":139034,"href":"https:\/\/elluchador.info\/index.php?rest_route=\/wp\/v2\/posts\/139030\/revisions\/139034"}],"wp:featuredmedia":[{"embeddable":true,"href":"https:\/\/elluchador.info\/index.php?rest_route=\/wp\/v2\/media\/139033"}],"wp:attachment":[{"href":"https:\/\/elluchador.info\/index.php?rest_route=%2Fwp%2Fv2%2Fmedia&parent=139030"}],"wp:term":[{"taxonomy":"category","embeddable":true,"href":"https:\/\/elluchador.info\/index.php?rest_route=%2Fwp%2Fv2%2Fcategories&post=139030"},{"taxonomy":"post_tag","embeddable":true,"href":"https:\/\/elluchador.info\/index.php?rest_route=%2Fwp%2Fv2%2Ftags&post=139030"}],"curies":[{"name":"wp","href":"https:\/\/api.w.org\/{rel}","templated":true}]}}