{"id":139042,"date":"2019-07-24T09:53:06","date_gmt":"2019-07-24T13:53:06","guid":{"rendered":"https:\/\/elluchador.info\/web\/?p=139042"},"modified":"2019-07-24T09:53:20","modified_gmt":"2019-07-24T13:53:20","slug":"an-aprobo-en-segunda-discusion-reincorporacion-al-tiar","status":"publish","type":"post","link":"https:\/\/elluchador.info\/?p=139042","title":{"rendered":"AN aprob\u00f3 en segunda discusi\u00f3n reincorporaci\u00f3n al TIAR"},"content":{"rendered":"\n<p>La Asamblea Nacional aprob\u00f3 este martes en segunda discusi\u00f3n el Tratado Interamericano de Asistencia Rec\u00edproca -TIAR-<\/p>\n\n\n\n<p>El presidente de la AN,&nbsp;<strong>Juan Guaid\u00f3<\/strong>, solicit\u00f3 aprobar con moci\u00f3n de urgencia y sin modificaciones esta ley que ya hab\u00eda sido discutida en el pleno el mes pasado.&nbsp;<\/p>\n\n\n\n<p>Agradeci\u00f3 el respaldo que la ciudadan\u00eda y la comunidad internacional le ha otorgado a la ruta marcada por la oposici\u00f3n venezolana durante el 2019.<\/p>\n\n\n\n<p><strong>Desde el 5 de enero hemos dado la pelea y seguimos de pie (\u2026) Hoy Venezuela est\u00e1 de pie, no se rinde, contin\u00faa una lucha que hemos dado en todo momento\u00bb,<\/strong>&nbsp;subray\u00f3.<\/p>\n\n\n\n<p>Durante sus intervenci\u00f3n en la llamada gran sesi\u00f3n de calle desde la plaza Alfredo Sadel, a prop\u00f3sito de los primeros 6 meses al frente del parlamento, destac\u00f3 el compromiso que sostiene para superar la crisis.<\/p>\n\n\n\n<p><strong>\u00abNo estamos aqu\u00ed para dar un golpe de suerte (\u2026) hoy hay una abrumadora realidad y es que somos una inmensa mayor\u00eda\u00bb<\/strong>.<\/p>\n\n\n\n<p>Afirm\u00f3 que el pa\u00eds necesita un cambio en distintos aspectos para que los ciudadanos superen las adversidades (\u2026) el pueblo se convirti\u00f3 en un tren de esperanza que no se detiene, un tren donde cabemos todos\u00bb.<\/p>\n\n\n\n<p>Asever\u00f3 que su gesti\u00f3n y la de los parlamentarios busca el bienestar de la ciudadan\u00eda y rescat\u00f3 la importancia de la movilizaci\u00f3n en distintos escenarios para concretar avances en los objetivos planteados.<\/p>\n\n\n\n<p>Respald\u00f3 adem\u00e1s la labor que adelantan gremios y coaliciones para superar la crisis. \u00abLa uni\u00f3n y la civilizaci\u00f3n son fundamentales\u00bb.<\/p>\n\n\n\n<p>Uni\u00f3n Radio<\/p>\n","protected":false},"excerpt":{"rendered":"<p>La Asamblea Nacional aprob\u00f3 este martes en segunda discusi\u00f3n el Tratado Interamericano de Asistencia Rec\u00edproca -TIAR- El presidente de la AN,&nbsp;Juan Guaid\u00f3, solicit\u00f3 aprobar con moci\u00f3n de urgencia y sin modificaciones esta ley que ya hab\u00eda sido discutida en el pleno el mes pasado.&nbsp; Agradeci\u00f3 el respaldo que la ciudadan\u00eda y la comunidad internacional le [&hellip;]<\/p>\n","protected":false},"author":2,"featured_media":139044,"comment_status":"closed","ping_status":"closed","sticky":false,"template":"","format":"standard","meta":{"footnotes":""},"categories":[5,9],"tags":[],"class_list":{"0":"post-139042","1":"post","2":"type-post","3":"status-publish","4":"format-standard","5":"has-post-thumbnail","7":"category-destacado","8":"category-nacionales"},"_links":{"self":[{"href":"https:\/\/elluchador.info\/index.php?rest_route=\/wp\/v2\/posts\/139042","targetHints":{"allow":["GET"]}}],"collection":[{"href":"https:\/\/elluchador.info\/index.php?rest_route=\/wp\/v2\/posts"}],"about":[{"href":"https:\/\/elluchador.info\/index.php?rest_route=\/wp\/v2\/types\/post"}],"author":[{"embeddable":true,"href":"https:\/\/elluchador.info\/index.php?rest_route=\/wp\/v2\/users\/2"}],"replies":[{"embeddable":true,"href":"https:\/\/elluchador.info\/index.php?rest_route=%2Fwp%2Fv2%2Fcomments&post=139042"}],"version-history":[{"count":1,"href":"https:\/\/elluchador.info\/index.php?rest_route=\/wp\/v2\/posts\/139042\/revisions"}],"predecessor-version":[{"id":139045,"href":"https:\/\/elluchador.info\/index.php?rest_route=\/wp\/v2\/posts\/139042\/revisions\/139045"}],"wp:featuredmedia":[{"embeddable":true,"href":"https:\/\/elluchador.info\/index.php?rest_route=\/wp\/v2\/media\/139044"}],"wp:attachment":[{"href":"https:\/\/elluchador.info\/index.php?rest_route=%2Fwp%2Fv2%2Fmedia&parent=139042"}],"wp:term":[{"taxonomy":"category","embeddable":true,"href":"https:\/\/elluchador.info\/index.php?rest_route=%2Fwp%2Fv2%2Fcategories&post=139042"},{"taxonomy":"post_tag","embeddable":true,"href":"https:\/\/elluchador.info\/index.php?rest_route=%2Fwp%2Fv2%2Ftags&post=139042"}],"curies":[{"name":"wp","href":"https:\/\/api.w.org\/{rel}","templated":true}]}}