{"id":139043,"date":"2019-07-24T09:55:14","date_gmt":"2019-07-24T13:55:14","guid":{"rendered":"https:\/\/elluchador.info\/web\/?p=139043"},"modified":"2019-07-24T09:55:28","modified_gmt":"2019-07-24T13:55:28","slug":"grupo-de-lima-repudia-posible-adelanto-de-comicios-legislativos","status":"publish","type":"post","link":"https:\/\/elluchador.info\/?p=139043","title":{"rendered":"Grupo de Lima repudia posible adelanto de comicios legislativos"},"content":{"rendered":"\n<p>El Grupo de Lima se reuni\u00f3 este martes en Buenos Aires, Argentina, para debatir nuevamente sobre la crisis venezolana,&nbsp;<strong>respaldar y abogar por unas elecciones libres,&nbsp;<\/strong>justas y transparentes que sirvan como soluci\u00f3n a la situaci\u00f3n.<\/p>\n\n\n\n<p>Al ser consultado sobre&nbsp;<strong>un supuesto adelanto de comicios legislativos para este a\u00f1o<\/strong>, el canciller argentino,<strong>&nbsp;Jorge Faurie,<\/strong>&nbsp;resalt\u00f3 el repudio del grupo a una decisi\u00f3n que incremente m\u00e1s a\u00fan el conflicto.<\/p>\n\n\n\n<blockquote class=\"wp-block-quote is-layout-flow wp-block-quote-is-layout-flow\"><p>\u00abEn los procesos negociadores siempre hay claras l\u00edneas rojas, para el Grupo de Lima una convocatoria anticipada del mandato de la Asamblea Nacional es una clara l\u00ednea roja que nosotros no quer\u00edamos ver ultrapasar\u00bb, dijo.<\/p><\/blockquote>\n\n\n\n<p>Tras la&nbsp;XV reuni\u00f3n, los ministros de Exteriores aprobaron la creaci\u00f3n de un ente para<strong>&nbsp;investigar a los testaferros de mandatario Nicol\u00e1s Maduro<\/strong>, adem\u00e1s pidieron que el<strong>&nbsp;informe de la alta comisionada de la ONU, Michelle Bachelet<\/strong>sobre las violaciones de derechos&nbsp;humanos en Venezuela&nbsp;<strong>se trate en el Consejo de Seguridad.<\/strong><\/p>\n\n\n\n<p>Sobre la reincorporaci\u00f3n de Venezuela<em><\/em><strong>Tratado Interamericano de Asistencia Rec\u00edproca<\/strong>&nbsp;\u2013 TIAR-, Faurie neg\u00f3 que una intervenci\u00f3n militar \u00absuceda de inmediato\u00bb.<\/p>\n\n\n\n<blockquote class=\"wp-block-quote is-layout-flow wp-block-quote-is-layout-flow\"><p>\u00abTodos estamos comprometidos a alcanzar una soluci\u00f3n pac\u00edfica, el uso de la fuerza ser\u00e1 un recurso que quedar\u00e1 para el momento que corresponda\u00bb, asegur\u00f3.<\/p><\/blockquote>\n\n\n\n<p>Los cancilleres reafirmaron su compromiso con el presidente del Parlamento, Juan Guaid\u00f3.&nbsp;<\/p>\n\n\n\n<p>El&nbsp;<strong><a href=\"https:\/\/www.cancilleria.gob.ar\/es\/actualidad\/noticias\/declaracion-de-la-xv-reunion-del-grupo-de-lima\">comunicado<\/a><\/strong>&nbsp;est\u00e1 refrendado por&nbsp;<strong>Argentina, Brasil, Canad\u00e1, Chile, Colombia, Costa Rica, Guatemala, Honduras, Paraguay, Per\u00fa y Venezuela<\/strong>.<\/p>\n\n\n\n<p>Uni\u00f3n Radio<br><\/p>\n","protected":false},"excerpt":{"rendered":"<p>El Grupo de Lima se reuni\u00f3 este martes en Buenos Aires, Argentina, para debatir nuevamente sobre la crisis venezolana,&nbsp;respaldar y abogar por unas elecciones libres,&nbsp;justas y transparentes que sirvan como soluci\u00f3n a la situaci\u00f3n. Al ser consultado sobre&nbsp;un supuesto adelanto de comicios legislativos para este a\u00f1o, el canciller argentino,&nbsp;Jorge Faurie,&nbsp;resalt\u00f3 el repudio del grupo a [&hellip;]<\/p>\n","protected":false},"author":2,"featured_media":139046,"comment_status":"closed","ping_status":"closed","sticky":false,"template":"","format":"standard","meta":{"footnotes":""},"categories":[5,8],"tags":[],"class_list":{"0":"post-139043","1":"post","2":"type-post","3":"status-publish","4":"format-standard","5":"has-post-thumbnail","7":"category-destacado","8":"category-internacionales"},"_links":{"self":[{"href":"https:\/\/elluchador.info\/index.php?rest_route=\/wp\/v2\/posts\/139043","targetHints":{"allow":["GET"]}}],"collection":[{"href":"https:\/\/elluchador.info\/index.php?rest_route=\/wp\/v2\/posts"}],"about":[{"href":"https:\/\/elluchador.info\/index.php?rest_route=\/wp\/v2\/types\/post"}],"author":[{"embeddable":true,"href":"https:\/\/elluchador.info\/index.php?rest_route=\/wp\/v2\/users\/2"}],"replies":[{"embeddable":true,"href":"https:\/\/elluchador.info\/index.php?rest_route=%2Fwp%2Fv2%2Fcomments&post=139043"}],"version-history":[{"count":1,"href":"https:\/\/elluchador.info\/index.php?rest_route=\/wp\/v2\/posts\/139043\/revisions"}],"predecessor-version":[{"id":139048,"href":"https:\/\/elluchador.info\/index.php?rest_route=\/wp\/v2\/posts\/139043\/revisions\/139048"}],"wp:featuredmedia":[{"embeddable":true,"href":"https:\/\/elluchador.info\/index.php?rest_route=\/wp\/v2\/media\/139046"}],"wp:attachment":[{"href":"https:\/\/elluchador.info\/index.php?rest_route=%2Fwp%2Fv2%2Fmedia&parent=139043"}],"wp:term":[{"taxonomy":"category","embeddable":true,"href":"https:\/\/elluchador.info\/index.php?rest_route=%2Fwp%2Fv2%2Fcategories&post=139043"},{"taxonomy":"post_tag","embeddable":true,"href":"https:\/\/elluchador.info\/index.php?rest_route=%2Fwp%2Fv2%2Ftags&post=139043"}],"curies":[{"name":"wp","href":"https:\/\/api.w.org\/{rel}","templated":true}]}}