{"id":139132,"date":"2019-07-25T16:22:29","date_gmt":"2019-07-25T20:22:29","guid":{"rendered":"https:\/\/elluchador.info\/web\/?p=139132"},"modified":"2019-07-25T11:30:35","modified_gmt":"2019-07-25T15:30:35","slug":"gestion-municipal-activa-jornadas-de-formacion-integral","status":"publish","type":"post","link":"https:\/\/elluchador.info\/?p=139132","title":{"rendered":"Gesti\u00f3n municipal activa jornadas de formaci\u00f3n integral"},"content":{"rendered":"\n<p>En articulaci\u00f3n con la direcci\u00f3n de Educaci\u00f3n, Cultura y otras, la direcci\u00f3n de Turismo de Heres sigue los lineamientos de inclusi\u00f3n y formaci\u00f3n acad\u00e9mica, humanista e integral del presidente Nicol\u00e1s Maduro y emanadas desde la municipalidad a trav\u00e9s del alcalde revolucionario Sergio Hern\u00e1ndez; realiza una ronda de jornadas formativas para la ciudadan\u00eda, servidores p\u00fablicos, representantes de estructuras y organizaciones comunales.<\/p>\n\n\n\n<p>\u201cDesde la municipalidad hemos iniciado una ronda formativa activando los\ndistintos motores importantes para el desarrollo socio productivo, no solo del\nestado Bol\u00edvar sino del municipio, el motor turismo y motor productivo local,\ncon el apoyo y trabajo en sinergia con el Ministerio de Turismo, Ministerio de\nla Mujer, de la Juventud, adem\u00e1s de cuerpos como la Divisi\u00f3n de Prevenci\u00f3n del\nDelito, Oficina Nacional Antidrogas, representantes de UBCH, Parto Humanizado,\nSomos Venezuela entre otros\u201d indic\u00f3 Arelis Hern\u00e1ndez directora de Turismo en\nHeres.<\/p>\n\n\n\n<p><strong>En distintas \u00e1reas<\/strong><\/p>\n\n\n\n<p>Estas rondas formativas iniciaron con el taller \u201cEl Servidor P\u00fablico\ncomo fuente humanista en pro del Desarrollo Integral de Venezuela\u201d dirigido al talento\nhumano de distintas \u00e1reas de atenci\u00f3n al usuario de la alcald\u00eda, este lleva por\nobjetivo sensibilizar y avanzar en una calidad de mejora en atenci\u00f3n al usuario\nde&nbsp; manera integral adem\u00e1s de concientizar en la corresponsabilidad\nciudadana.<\/p>\n\n\n\n<p>Asimismo, Hern\u00e1ndez indic\u00f3 que aunado a este taller tambi\u00e9n se lleva a\ncabo con el apoyo de MinMujer el taller \u201cValores, Mujer y Compromiso Social\u201d\ndirigido a promotoras del programa Parto Humanizado, a fin de sensibilizar y\nfortalecer la importancia de este programa, \u201cqueremos concienciar a las mujeres\nla&nbsp; importancia de traer&nbsp; un beb\u00e9 al mundo, lo valioso que es el amor\nen el desarrollo del embarazo, en tal sentido queremos fortalecer eso con\nherramientas humanistas\u201d expres\u00f3 la rectora de Turismo.<\/p>\n\n\n\n<p><strong>Potencializar y empoderar<\/strong><\/p>\n\n\n\n<p>Otro de los programas en materia de educaci\u00f3n que se&nbsp; est\u00e1 llevando\na cabo en el municipio a trav\u00e9s de la direcci\u00f3n de turismo hermanado con la\ndirecci\u00f3n de Educaci\u00f3n y Cultura, es el programa \u201cCiudad Bol\u00edvar renace en\nvalores\u201d el cual se ha impartido en escuelas y comunidades y lleva como\nobjetivo el fortalecimiento de los valores familiares.<\/p>\n\n\n\n<p>\u201cPr\u00f3ximamente ser\u00e1 llevado este programa a la comunidad de Mango Asa\u00b4o,\ndonde organizaremos y desarrollaremos un corredor gastron\u00f3mico artesanal, as\u00ed\ndar a la comunidad herramientas para el desarrollo tur\u00edsticos en la b\u00fasqueda de\npotencializar la econom\u00eda de este sector, adem\u00e1s de la formaci\u00f3n a j\u00f3venes como\ngu\u00edas tur\u00edsticos\u201d dijo Arelis Hern\u00e1ndez<\/p>\n\n\n\n<p>A su vez puntualiz\u00f3, \u201chacemos el abordaje frontal en esta\ncomunidad&nbsp; porque hay&nbsp; un proyecto por desarrollar, un Parador\nTur\u00edstico, que vamos a realizar hermanados con distintas instituciones, adem\u00e1s\nde contar con el apoyo de los estudiantes del proyecto comunitario de la UBV y\nde la Uneg, de los ministerios y de la comunidad en general, con el fin de\ncrear un desarrollo autosustentable a trav\u00e9s de la actividad tur\u00edstica\u201d.<\/p>\n\n\n\n<p><strong>Feria del Orinoco 2019<\/strong><\/p>\n\n\n\n<p>En el marco de las Ferias de Orinoco la rectora de turismo local apunt\u00f3 que se encuentran desde ya en la organizaci\u00f3n de todo los concerniente al recibimiento de propios y visitantes a disfrutar de tan importante evento, adem\u00e1s se\u00f1al\u00f3 que ya se encuentran abiertas las puertas del Palacio Municipal para el plan vacacional \u201cConoce mi Palacio Municipal \u201d con el objetivo de que visitantes conozcan de la historia e instalaciones de esta importante obra arquitect\u00f3nica nombrada patrimonio tur\u00edstico local.<\/p>\n\n\n\n<p><strong>Prensa Alcald\u00eda de Heres\/EA<\/strong><\/p>\n","protected":false},"excerpt":{"rendered":"<p>En articulaci\u00f3n con la direcci\u00f3n de Educaci\u00f3n, Cultura y otras, la direcci\u00f3n de Turismo de Heres sigue los lineamientos de inclusi\u00f3n y formaci\u00f3n acad\u00e9mica, humanista e integral del presidente Nicol\u00e1s Maduro y emanadas desde la municipalidad a trav\u00e9s del alcalde revolucionario Sergio Hern\u00e1ndez; realiza una ronda de jornadas formativas para la ciudadan\u00eda, servidores p\u00fablicos, representantes [&hellip;]<\/p>\n","protected":false},"author":2,"featured_media":139135,"comment_status":"closed","ping_status":"closed","sticky":false,"template":"","format":"standard","meta":{"footnotes":""},"categories":[12],"tags":[],"class_list":{"0":"post-139132","1":"post","2":"type-post","3":"status-publish","4":"format-standard","5":"has-post-thumbnail","7":"category-regionales"},"_links":{"self":[{"href":"https:\/\/elluchador.info\/index.php?rest_route=\/wp\/v2\/posts\/139132","targetHints":{"allow":["GET"]}}],"collection":[{"href":"https:\/\/elluchador.info\/index.php?rest_route=\/wp\/v2\/posts"}],"about":[{"href":"https:\/\/elluchador.info\/index.php?rest_route=\/wp\/v2\/types\/post"}],"author":[{"embeddable":true,"href":"https:\/\/elluchador.info\/index.php?rest_route=\/wp\/v2\/users\/2"}],"replies":[{"embeddable":true,"href":"https:\/\/elluchador.info\/index.php?rest_route=%2Fwp%2Fv2%2Fcomments&post=139132"}],"version-history":[{"count":1,"href":"https:\/\/elluchador.info\/index.php?rest_route=\/wp\/v2\/posts\/139132\/revisions"}],"predecessor-version":[{"id":139136,"href":"https:\/\/elluchador.info\/index.php?rest_route=\/wp\/v2\/posts\/139132\/revisions\/139136"}],"wp:featuredmedia":[{"embeddable":true,"href":"https:\/\/elluchador.info\/index.php?rest_route=\/wp\/v2\/media\/139135"}],"wp:attachment":[{"href":"https:\/\/elluchador.info\/index.php?rest_route=%2Fwp%2Fv2%2Fmedia&parent=139132"}],"wp:term":[{"taxonomy":"category","embeddable":true,"href":"https:\/\/elluchador.info\/index.php?rest_route=%2Fwp%2Fv2%2Fcategories&post=139132"},{"taxonomy":"post_tag","embeddable":true,"href":"https:\/\/elluchador.info\/index.php?rest_route=%2Fwp%2Fv2%2Ftags&post=139132"}],"curies":[{"name":"wp","href":"https:\/\/api.w.org\/{rel}","templated":true}]}}