{"id":139234,"date":"2019-07-26T03:27:02","date_gmt":"2019-07-26T07:27:02","guid":{"rendered":"https:\/\/elluchador.info\/web\/?p=139234"},"modified":"2019-07-26T11:34:24","modified_gmt":"2019-07-26T15:34:24","slug":"yangel-herrera-llego-al-granada-cedido-del-manchester-city","status":"publish","type":"post","link":"https:\/\/elluchador.info\/?p=139234","title":{"rendered":"Yangel Herrera lleg\u00f3 al Granada cedido del Manchester City"},"content":{"rendered":"\n<p>El medio venezolano Yangel Herrera se convirti\u00f3 este viernes en la quinta incorporaci\u00f3n para la pr\u00f3xima temporada del Granada, conjunto al que llega cedido por el Manchester City ingl\u00e9s.<\/p>\n\n\n\n<p>Yangel Herrera, de 21 a\u00f1os, llega para reforzar el centro del campo de los andaluces en su regreso a LaLiga Santander que el venezolano ya conoce por su experiencia en la pasada temporada con el Huesca, con el que disput\u00f3 17 partidos.<\/p>\n\n\n\n<p>El acuerdo entre el Manchester City, el Granada y el futbolista contempla el pr\u00e9stamo del jugador para la campa\u00f1a venidera, con reserva de una opci\u00f3n de compra por parte del club rojiblanco al final de la misma, inform\u00f3 este viernes la entidad andaluza.<\/p>\n\n\n\n<p>El centrocampista venezolano se form\u00f3 en su pa\u00eds en el Monagas SC antes de recalar en el Atl\u00e9tico Venezuela, conjunto con el que debut\u00f3 como profesional y desde el que lleg\u00f3 al Manchester City en enero de 2017.<\/p>\n\n\n\n<p>El club ingl\u00e9s lo tuvo cedido dos temporadas en el New York City estadounidense, con el que jug\u00f3 33 partidos, mientras que en la segunda parte de la pasada campa\u00f1a estuvo, tambi\u00e9n en r\u00e9gimen de pr\u00e9stamo, en el Huesca.<\/p>\n\n\n\n<p>Yangel Herrera es internacional con la selecci\u00f3n venezolana absoluta. Habitual en los \u00faltimos meses,disput\u00f3 este verano la Copa Am\u00e9rica 2019. Suma 17 partidos internacionales.<\/p>\n\n\n\n<p>Llega al Granada para formar en un centro del campo que es actualmente una de las zonas con menos efectivos del equipo tras las salidas este verano de Ra\u00fal Baena, Fran Rico y Jos\u00e9 Antonio Mart\u00ednez.<\/p>\n\n\n\n<p>Yangel Herrera es el quinto fichaje del Granada para la campa\u00f1a venidera tras las llegadas anteriores del central colombiano Neyder Lozano (Elche), del central portugu\u00e9s Domingos Duarte (Deportivo de la Coru\u00f1a), del delantero Roberto Soldado (Fenerbahce) y del medio camerun\u00e9s Yan Eteki.<\/p>\n\n\n\n<p>El jugador comenzar\u00e1 a entrenar este mismo viernes con su nuevo equipo y podr\u00e1 debutar en el partido amistoso que el Granada jugar\u00e1 el s\u00e1bado contra el Alcorc\u00f3n en Nerja (M\u00e1laga).<\/p>\n\n\n\n<p>EFE<\/p>\n","protected":false},"excerpt":{"rendered":"<p>El medio venezolano Yangel Herrera se convirti\u00f3 este viernes en la quinta incorporaci\u00f3n para la pr\u00f3xima temporada del Granada, conjunto al que llega cedido por el Manchester City ingl\u00e9s. Yangel Herrera, de 21 a\u00f1os, llega para reforzar el centro del campo de los andaluces en su regreso a LaLiga Santander que el venezolano ya conoce [&hellip;]<\/p>\n","protected":false},"author":2,"featured_media":139237,"comment_status":"closed","ping_status":"closed","sticky":false,"template":"","format":"standard","meta":{"footnotes":""},"categories":[4],"tags":[],"class_list":{"0":"post-139234","1":"post","2":"type-post","3":"status-publish","4":"format-standard","5":"has-post-thumbnail","7":"category-deportes"},"_links":{"self":[{"href":"https:\/\/elluchador.info\/index.php?rest_route=\/wp\/v2\/posts\/139234","targetHints":{"allow":["GET"]}}],"collection":[{"href":"https:\/\/elluchador.info\/index.php?rest_route=\/wp\/v2\/posts"}],"about":[{"href":"https:\/\/elluchador.info\/index.php?rest_route=\/wp\/v2\/types\/post"}],"author":[{"embeddable":true,"href":"https:\/\/elluchador.info\/index.php?rest_route=\/wp\/v2\/users\/2"}],"replies":[{"embeddable":true,"href":"https:\/\/elluchador.info\/index.php?rest_route=%2Fwp%2Fv2%2Fcomments&post=139234"}],"version-history":[{"count":1,"href":"https:\/\/elluchador.info\/index.php?rest_route=\/wp\/v2\/posts\/139234\/revisions"}],"predecessor-version":[{"id":139238,"href":"https:\/\/elluchador.info\/index.php?rest_route=\/wp\/v2\/posts\/139234\/revisions\/139238"}],"wp:featuredmedia":[{"embeddable":true,"href":"https:\/\/elluchador.info\/index.php?rest_route=\/wp\/v2\/media\/139237"}],"wp:attachment":[{"href":"https:\/\/elluchador.info\/index.php?rest_route=%2Fwp%2Fv2%2Fmedia&parent=139234"}],"wp:term":[{"taxonomy":"category","embeddable":true,"href":"https:\/\/elluchador.info\/index.php?rest_route=%2Fwp%2Fv2%2Fcategories&post=139234"},{"taxonomy":"post_tag","embeddable":true,"href":"https:\/\/elluchador.info\/index.php?rest_route=%2Fwp%2Fv2%2Ftags&post=139234"}],"curies":[{"name":"wp","href":"https:\/\/api.w.org\/{rel}","templated":true}]}}