{"id":139272,"date":"2019-07-26T12:52:18","date_gmt":"2019-07-26T16:52:18","guid":{"rendered":"https:\/\/elluchador.info\/web\/?p=139272"},"modified":"2019-07-26T12:52:23","modified_gmt":"2019-07-26T16:52:23","slug":"conviasa-anuncio-expansion-de-sus-rutas-aereas-para-finales-de-ano","status":"publish","type":"post","link":"https:\/\/elluchador.info\/?p=139272","title":{"rendered":"Conviasa anunci\u00f3 expansi\u00f3n de sus rutas a\u00e9reas para finales de a\u00f1o"},"content":{"rendered":"\n<p>El Consorcio Venezolano de Industrias Aeron\u00e1uticas y Servicios A\u00e9reos (Conviasa) tendr\u00e1 nuevas conexiones a\u00e9reas para finales de 2019, as\u00ed lo inform\u00f3 Ram\u00f3n Vel\u00e1squez Araguay\u00e1n, presidente de la aerol\u00ednea estatal.<\/p>\n\n\n\n<p>\u201cAl finalizar este a\u00f1o, de acuerdo al plan de expansi\u00f3n que tenemos, deber\u00edamos estar llegando a 15 \u00f3 20 destinos internacionales\u201d, indic\u00f3 Vel\u00e1squez Araguay\u00e1n durante una entrevista a Venezolana de Televisi\u00f3n (VTV).<\/p>\n\n\n\n<p>Seg\u00fan lo informado los pr\u00f3ximos pa\u00edses a conectar ser\u00e1n:&nbsp;<strong>Zimbabue<\/strong>, para finales de julio;&nbsp;<strong>Trinidad, Manaos, M\u00e9xico e islas del Caribe<\/strong>&nbsp;para el mes de agosto; y para culminar el 2019 se tiene previsto otros destinos para&nbsp;<strong>Centroam\u00e9rica, Suram\u00e9rica, el Caribe, Medio Oriente y Europa.<\/strong><\/p>\n\n\n\n<p>Actualmente la aerol\u00ednea estatal cuenta con 33 destinos nacionales y 8 internacionales. Pr\u00f3ximamente, se incorporar\u00e1 una aeronave de carga que transportar\u00e1 de transportar 1 tonelada, adem\u00e1s de 500 kilos de cualquier producto que cumpla con las normas que establecen las autoridades de los aeropuertos.<\/p>\n\n\n\n<p>Contrapunto<\/p>\n","protected":false},"excerpt":{"rendered":"<p>El Consorcio Venezolano de Industrias Aeron\u00e1uticas y Servicios A\u00e9reos (Conviasa) tendr\u00e1 nuevas conexiones a\u00e9reas para finales de 2019, as\u00ed lo inform\u00f3 Ram\u00f3n Vel\u00e1squez Araguay\u00e1n, presidente de la aerol\u00ednea estatal. \u201cAl finalizar este a\u00f1o, de acuerdo al plan de expansi\u00f3n que tenemos, deber\u00edamos estar llegando a 15 \u00f3 20 destinos internacionales\u201d, indic\u00f3 Vel\u00e1squez Araguay\u00e1n durante una [&hellip;]<\/p>\n","protected":false},"author":2,"featured_media":139274,"comment_status":"closed","ping_status":"closed","sticky":false,"template":"","format":"standard","meta":{"footnotes":""},"categories":[9],"tags":[],"class_list":{"0":"post-139272","1":"post","2":"type-post","3":"status-publish","4":"format-standard","5":"has-post-thumbnail","7":"category-nacionales"},"_links":{"self":[{"href":"https:\/\/elluchador.info\/index.php?rest_route=\/wp\/v2\/posts\/139272","targetHints":{"allow":["GET"]}}],"collection":[{"href":"https:\/\/elluchador.info\/index.php?rest_route=\/wp\/v2\/posts"}],"about":[{"href":"https:\/\/elluchador.info\/index.php?rest_route=\/wp\/v2\/types\/post"}],"author":[{"embeddable":true,"href":"https:\/\/elluchador.info\/index.php?rest_route=\/wp\/v2\/users\/2"}],"replies":[{"embeddable":true,"href":"https:\/\/elluchador.info\/index.php?rest_route=%2Fwp%2Fv2%2Fcomments&post=139272"}],"version-history":[{"count":1,"href":"https:\/\/elluchador.info\/index.php?rest_route=\/wp\/v2\/posts\/139272\/revisions"}],"predecessor-version":[{"id":139275,"href":"https:\/\/elluchador.info\/index.php?rest_route=\/wp\/v2\/posts\/139272\/revisions\/139275"}],"wp:featuredmedia":[{"embeddable":true,"href":"https:\/\/elluchador.info\/index.php?rest_route=\/wp\/v2\/media\/139274"}],"wp:attachment":[{"href":"https:\/\/elluchador.info\/index.php?rest_route=%2Fwp%2Fv2%2Fmedia&parent=139272"}],"wp:term":[{"taxonomy":"category","embeddable":true,"href":"https:\/\/elluchador.info\/index.php?rest_route=%2Fwp%2Fv2%2Fcategories&post=139272"},{"taxonomy":"post_tag","embeddable":true,"href":"https:\/\/elluchador.info\/index.php?rest_route=%2Fwp%2Fv2%2Ftags&post=139272"}],"curies":[{"name":"wp","href":"https:\/\/api.w.org\/{rel}","templated":true}]}}