{"id":139308,"date":"2019-07-28T11:17:26","date_gmt":"2019-07-28T15:17:26","guid":{"rendered":"https:\/\/elluchador.info\/web\/?p=139308"},"modified":"2019-07-28T11:17:35","modified_gmt":"2019-07-28T15:17:35","slug":"presidente-maduro-califica-como-traicion-a-la-patria-reincorporacion-al-tiar-aprobada-por-an","status":"publish","type":"post","link":"https:\/\/elluchador.info\/?p=139308","title":{"rendered":"Presidente Maduro califica como traici\u00f3n a la patria reincorporaci\u00f3n al TIAR aprobada por AN"},"content":{"rendered":"\n<p>El presidente&nbsp;<strong>Nicol\u00e1s Maduro<\/strong>&nbsp;calific\u00f3 de inconstitucional e ilegal la decisi\u00f3n de la Asamblea Nacional de aprobar el regreso de&nbsp;<strong>Venezuela al Tratado Interamericano de Asistencia Rec\u00edproca<\/strong>&nbsp;(TIAR).<\/p>\n\n\n\n<blockquote class=\"wp-block-quote is-layout-flow wp-block-quote-is-layout-flow\"><p>Desde Fuerte Tiuna, en Caracas, advirti\u00f3 que esta pretensi\u00f3n representa \u00abun primer paso para llamar a la invasi\u00f3n de los ej\u00e9rcitos latinoamericanos a Venezuela\u00bb.<\/p><\/blockquote>\n\n\n\n<p>Para el jefe de Estado, significa \u00abun acto degradante, decadente y desgraciado que un venezolano piense en una invasi\u00f3n de ej\u00e9rcitos extranjeros a su propia tierra\u00bb, por lo que subray\u00f3 que se trata de una traici\u00f3n a la patria.<\/p>\n\n\n\n<p>\u00abCualquier intenci\u00f3n de aplicar el TIAR dentro de Venezuela debe ser considerado, de acuerdo a la Constituci\u00f3n, como un acto hostil a la soberan\u00eda nacional y una agresi\u00f3n al territorio, al pueblo, a la paz y al derecho internacional\u00bb, expres\u00f3.<\/p>\n\n\n\n<blockquote class=\"wp-block-quote is-layout-flow wp-block-quote-is-layout-flow\"><p>El&nbsp;<strong>mandatario nacional<\/strong>&nbsp;asever\u00f3 que m\u00e1s del 80% de la poblaci\u00f3n venezolana rechazan el llamado a una intervenci\u00f3n militar y resalt\u00f3 la sentencia de la&nbsp;<strong>Sala Constitucional del Tribunal Supremo de Justicia<\/strong>&nbsp;(TSJ), que este viernes declar\u00f3 nula y carente de validez jur\u00eddica la decisi\u00f3n del Parlamento.<\/p><\/blockquote>\n\n\n\n<p>\u00abAyer fuimos testigos de una sentencia judicial de pleno acatamiento y cumplimiento por parte de la Sala Constitucional del&nbsp;<strong>Tribunal Supremo de Justicia<\/strong>&nbsp;que record\u00f3 que la&nbsp;<strong>Asamblea Nacional<\/strong>&nbsp;no tiene la autoridad para tomar decisiones sobre la incorporaci\u00f3n del pa\u00eds en alg\u00fan tratado internacional\u00bb, manifest\u00f3.<\/p>\n\n\n\n<p>Tambi\u00e9n subray\u00f3 que al gobierno le asisten la justicia, la raz\u00f3n y la fuerza \u00abpara defender a la Rep\u00fablica y la paz perpetua\u00bb, y de esta forma garantizar a la naci\u00f3n la estabilidad pol\u00edtica, social y militar.<\/p>\n\n\n\n<p>\u00abTenemos la justicia, la raz\u00f3n y la fuerza; por eso tenemos patria\u00bb, enfatiz\u00f3.<\/p>\n\n\n\n<p><strong>Globovision.com<\/strong><\/p>\n","protected":false},"excerpt":{"rendered":"<p>El presidente&nbsp;Nicol\u00e1s Maduro&nbsp;calific\u00f3 de inconstitucional e ilegal la decisi\u00f3n de la Asamblea Nacional de aprobar el regreso de&nbsp;Venezuela al Tratado Interamericano de Asistencia Rec\u00edproca&nbsp;(TIAR). Desde Fuerte Tiuna, en Caracas, advirti\u00f3 que esta pretensi\u00f3n representa \u00abun primer paso para llamar a la invasi\u00f3n de los ej\u00e9rcitos latinoamericanos a Venezuela\u00bb. Para el jefe de Estado, significa \u00abun [&hellip;]<\/p>\n","protected":false},"author":2,"featured_media":139309,"comment_status":"closed","ping_status":"closed","sticky":false,"template":"","format":"standard","meta":{"footnotes":""},"categories":[9],"tags":[],"class_list":{"0":"post-139308","1":"post","2":"type-post","3":"status-publish","4":"format-standard","5":"has-post-thumbnail","7":"category-nacionales"},"_links":{"self":[{"href":"https:\/\/elluchador.info\/index.php?rest_route=\/wp\/v2\/posts\/139308","targetHints":{"allow":["GET"]}}],"collection":[{"href":"https:\/\/elluchador.info\/index.php?rest_route=\/wp\/v2\/posts"}],"about":[{"href":"https:\/\/elluchador.info\/index.php?rest_route=\/wp\/v2\/types\/post"}],"author":[{"embeddable":true,"href":"https:\/\/elluchador.info\/index.php?rest_route=\/wp\/v2\/users\/2"}],"replies":[{"embeddable":true,"href":"https:\/\/elluchador.info\/index.php?rest_route=%2Fwp%2Fv2%2Fcomments&post=139308"}],"version-history":[{"count":1,"href":"https:\/\/elluchador.info\/index.php?rest_route=\/wp\/v2\/posts\/139308\/revisions"}],"predecessor-version":[{"id":139310,"href":"https:\/\/elluchador.info\/index.php?rest_route=\/wp\/v2\/posts\/139308\/revisions\/139310"}],"wp:featuredmedia":[{"embeddable":true,"href":"https:\/\/elluchador.info\/index.php?rest_route=\/wp\/v2\/media\/139309"}],"wp:attachment":[{"href":"https:\/\/elluchador.info\/index.php?rest_route=%2Fwp%2Fv2%2Fmedia&parent=139308"}],"wp:term":[{"taxonomy":"category","embeddable":true,"href":"https:\/\/elluchador.info\/index.php?rest_route=%2Fwp%2Fv2%2Fcategories&post=139308"},{"taxonomy":"post_tag","embeddable":true,"href":"https:\/\/elluchador.info\/index.php?rest_route=%2Fwp%2Fv2%2Ftags&post=139308"}],"curies":[{"name":"wp","href":"https:\/\/api.w.org\/{rel}","templated":true}]}}