{"id":139323,"date":"2019-07-28T11:51:51","date_gmt":"2019-07-28T15:51:51","guid":{"rendered":"https:\/\/elluchador.info\/web\/?p=139323"},"modified":"2019-07-28T11:51:54","modified_gmt":"2019-07-28T15:51:54","slug":"diosdado-cabello-venezuela-esta-lista-para-una-guerra-absoluta-con-eeuu","status":"publish","type":"post","link":"https:\/\/elluchador.info\/?p=139323","title":{"rendered":"Diosdado Cabello: Venezuela est\u00e1 lista para una guerra absoluta con EEUU"},"content":{"rendered":"\n<p>El tambi\u00e9n primer vicepresidente del Partido Socialista Unido de Venezuela (PSUV),&nbsp;<strong>Diosdado Cabello<\/strong>, dijo este s\u00e1bado que Venezuela est\u00e1 lista para librar una \u00abguerra absoluta\u00bb con Estados Unidos, al tiempo que alert\u00f3 que es \u00abprobable\u00bb que \u00abentren los<strong>&nbsp;mariners<\/strong>norteamericanos\u00bb, pero que les costar\u00e1 salir del pa\u00eds.<\/p>\n\n\n\n<p>\u00abNosotros estamos preparados hoy d\u00eda, de verdad lo decimos sin arrogancia, para, si ellos quieren, una guerra absoluta de todo nuestro pueblo en defensa de nuestra patria y nuestra paz\u00bb, dijo Cabello durante un encuentro entre parlamentarios en el marco del<strong>&nbsp;XXV Foro de Sao Paulo<\/strong>, que se celebra en Caracas.<\/p>\n\n\n\n<p>Cabello tambi\u00e9n insisti\u00f3 en que \u00abes probable que entren los<strong>\u00a0mariners norteamericanos<\/strong>\u00bb a\u00a0<strong>Venezuela<\/strong>, una alerta que \u00e9l mismo lanz\u00f3 con anterioridad.<\/p>\n\n\n\n<p>Tambi\u00e9n indic\u00f3 que, en caso de una invasi\u00f3n de&nbsp;<strong>Estados Unidos a Venezuela<\/strong>, \u00abel problema para ellos va a ser salir\u00bb.<\/p>\n\n\n\n<p>\u00abAqu\u00ed, nosotros hace 200 a\u00f1os echamos al imperio mas poderoso de aquella \u00e9poca, y no est\u00e1bamos tan preparados ni tan unidos\u00bb, se\u00f1al\u00f3 al tratar de establecer un paralelismo entre una eventual lucha armada entre Venezuela y\u00a0<strong>Estados Unidos\u00a0<\/strong>y la guerra de emancipaci\u00f3n que libr\u00f3 el pa\u00eds sudamericano contra Espa\u00f1a hace 200 a\u00f1os.<\/p>\n\n\n\n<p><strong>Globovision.com<\/strong><\/p>\n","protected":false},"excerpt":{"rendered":"<p>El tambi\u00e9n primer vicepresidente del Partido Socialista Unido de Venezuela (PSUV),&nbsp;Diosdado Cabello, dijo este s\u00e1bado que Venezuela est\u00e1 lista para librar una \u00abguerra absoluta\u00bb con Estados Unidos, al tiempo que alert\u00f3 que es \u00abprobable\u00bb que \u00abentren los&nbsp;marinersnorteamericanos\u00bb, pero que les costar\u00e1 salir del pa\u00eds. \u00abNosotros estamos preparados hoy d\u00eda, de verdad lo decimos sin arrogancia, [&hellip;]<\/p>\n","protected":false},"author":2,"featured_media":139324,"comment_status":"closed","ping_status":"closed","sticky":false,"template":"","format":"standard","meta":{"footnotes":""},"categories":[9],"tags":[],"class_list":{"0":"post-139323","1":"post","2":"type-post","3":"status-publish","4":"format-standard","5":"has-post-thumbnail","7":"category-nacionales"},"_links":{"self":[{"href":"https:\/\/elluchador.info\/index.php?rest_route=\/wp\/v2\/posts\/139323","targetHints":{"allow":["GET"]}}],"collection":[{"href":"https:\/\/elluchador.info\/index.php?rest_route=\/wp\/v2\/posts"}],"about":[{"href":"https:\/\/elluchador.info\/index.php?rest_route=\/wp\/v2\/types\/post"}],"author":[{"embeddable":true,"href":"https:\/\/elluchador.info\/index.php?rest_route=\/wp\/v2\/users\/2"}],"replies":[{"embeddable":true,"href":"https:\/\/elluchador.info\/index.php?rest_route=%2Fwp%2Fv2%2Fcomments&post=139323"}],"version-history":[{"count":1,"href":"https:\/\/elluchador.info\/index.php?rest_route=\/wp\/v2\/posts\/139323\/revisions"}],"predecessor-version":[{"id":139325,"href":"https:\/\/elluchador.info\/index.php?rest_route=\/wp\/v2\/posts\/139323\/revisions\/139325"}],"wp:featuredmedia":[{"embeddable":true,"href":"https:\/\/elluchador.info\/index.php?rest_route=\/wp\/v2\/media\/139324"}],"wp:attachment":[{"href":"https:\/\/elluchador.info\/index.php?rest_route=%2Fwp%2Fv2%2Fmedia&parent=139323"}],"wp:term":[{"taxonomy":"category","embeddable":true,"href":"https:\/\/elluchador.info\/index.php?rest_route=%2Fwp%2Fv2%2Fcategories&post=139323"},{"taxonomy":"post_tag","embeddable":true,"href":"https:\/\/elluchador.info\/index.php?rest_route=%2Fwp%2Fv2%2Ftags&post=139323"}],"curies":[{"name":"wp","href":"https:\/\/api.w.org\/{rel}","templated":true}]}}