{"id":139329,"date":"2019-07-28T12:19:19","date_gmt":"2019-07-28T16:19:19","guid":{"rendered":"https:\/\/elluchador.info\/web\/?p=139329"},"modified":"2019-07-28T12:19:25","modified_gmt":"2019-07-28T16:19:25","slug":"marco-reus-es-elegido-futbolista-del-ano-en-alemania","status":"publish","type":"post","link":"https:\/\/elluchador.info\/?p=139329","title":{"rendered":"Marco Reus es elegido futbolista del a\u00f1o en Alemania"},"content":{"rendered":"\n<p>El internacional alem\u00e1n&nbsp;<strong>Marco Reus<\/strong>&nbsp;ha sido nombrado este domingo futbolista del a\u00f1o en su pa\u00eds, un premio que concede la revista deportiva&nbsp;<em>\u00abKicker\u00bb<\/em>&nbsp;tras una votaci\u00f3n entre periodistas especializados.<\/p>\n\n\n\n<p>La publicaci\u00f3n destaca la&nbsp;<strong>\u00abs\u00f3lida temporada\u00bb<\/strong>&nbsp;del capit\u00e1n del&nbsp;<strong>Borussia Dortmund<\/strong>, que ha marcado 17 goles en 27 partidos de la&nbsp;<strong>Bundesliga.<\/strong><\/p>\n\n\n\n<p>Se trata de la segunda ocasi\u00f3n en la que el futbolista, de 30 a\u00f1os, obtiene esta distinci\u00f3n,&nbsp;<strong>que ya consigui\u00f3 en 2012.<\/strong><\/p>\n\n\n\n<p><strong>Reus<\/strong>&nbsp;obtuvo 158 de los 540 votos emitidos por los socios de la&nbsp;<strong>Asociaci\u00f3n de Periodistas Deportivos Alemanes (VDS).<\/strong>&nbsp;En segunda posici\u00f3n acab\u00f3&nbsp;<strong>Kai Havertz<\/strong>, del Bayern de M\u00fanich (121 votos) y la tercera se la asegur\u00f3&nbsp;<strong>Joshua Kimmich<\/strong>, tambi\u00e9n del equipo b\u00e1varo, al reunir 35 votos.<\/p>\n\n\n\n<p>El capit\u00e1n del&nbsp;<strong>Dortmund<\/strong>&nbsp;ya fue elegido por&nbsp;<em>\u00abKicker\u00bb<\/em>&nbsp;como el mejor jugador de la primera vuelta de la&nbsp;<strong>Bundesliga 2018-19.<\/strong><\/p>\n\n\n\n<p>La publicaci\u00f3n premi\u00f3, por tercera vez consecutiva, como la mejor futbolista del a\u00f1o a la internacional alemana de origen h\u00fangaro&nbsp;<strong>Dzsenifer Marozs\u00e1n<\/strong>, que juega en el&nbsp;<strong>Olympique de Lyon.<\/strong><\/p>\n\n\n\n<p>Por su parte, el galard\u00f3n de mejor entrenador del a\u00f1o recay\u00f3 sobre\u00a0<strong>J\u00fcrgen Klopp<\/strong>, a cargo del banquillo del\u00a0<strong>Liverpool<\/strong>, que gan\u00f3 este a\u00f1o la\u00a0<strong>Liga de Campeones.<\/strong><\/p>\n\n\n\n<p><strong>Meridiano.com.ve<\/strong><\/p>\n","protected":false},"excerpt":{"rendered":"<p>El internacional alem\u00e1n&nbsp;Marco Reus&nbsp;ha sido nombrado este domingo futbolista del a\u00f1o en su pa\u00eds, un premio que concede la revista deportiva&nbsp;\u00abKicker\u00bb&nbsp;tras una votaci\u00f3n entre periodistas especializados. La publicaci\u00f3n destaca la&nbsp;\u00abs\u00f3lida temporada\u00bb&nbsp;del capit\u00e1n del&nbsp;Borussia Dortmund, que ha marcado 17 goles en 27 partidos de la&nbsp;Bundesliga. Se trata de la segunda ocasi\u00f3n en la que el futbolista, [&hellip;]<\/p>\n","protected":false},"author":2,"featured_media":139330,"comment_status":"closed","ping_status":"closed","sticky":false,"template":"","format":"standard","meta":{"footnotes":""},"categories":[4],"tags":[],"class_list":{"0":"post-139329","1":"post","2":"type-post","3":"status-publish","4":"format-standard","5":"has-post-thumbnail","7":"category-deportes"},"_links":{"self":[{"href":"https:\/\/elluchador.info\/index.php?rest_route=\/wp\/v2\/posts\/139329","targetHints":{"allow":["GET"]}}],"collection":[{"href":"https:\/\/elluchador.info\/index.php?rest_route=\/wp\/v2\/posts"}],"about":[{"href":"https:\/\/elluchador.info\/index.php?rest_route=\/wp\/v2\/types\/post"}],"author":[{"embeddable":true,"href":"https:\/\/elluchador.info\/index.php?rest_route=\/wp\/v2\/users\/2"}],"replies":[{"embeddable":true,"href":"https:\/\/elluchador.info\/index.php?rest_route=%2Fwp%2Fv2%2Fcomments&post=139329"}],"version-history":[{"count":1,"href":"https:\/\/elluchador.info\/index.php?rest_route=\/wp\/v2\/posts\/139329\/revisions"}],"predecessor-version":[{"id":139331,"href":"https:\/\/elluchador.info\/index.php?rest_route=\/wp\/v2\/posts\/139329\/revisions\/139331"}],"wp:featuredmedia":[{"embeddable":true,"href":"https:\/\/elluchador.info\/index.php?rest_route=\/wp\/v2\/media\/139330"}],"wp:attachment":[{"href":"https:\/\/elluchador.info\/index.php?rest_route=%2Fwp%2Fv2%2Fmedia&parent=139329"}],"wp:term":[{"taxonomy":"category","embeddable":true,"href":"https:\/\/elluchador.info\/index.php?rest_route=%2Fwp%2Fv2%2Fcategories&post=139329"},{"taxonomy":"post_tag","embeddable":true,"href":"https:\/\/elluchador.info\/index.php?rest_route=%2Fwp%2Fv2%2Ftags&post=139329"}],"curies":[{"name":"wp","href":"https:\/\/api.w.org\/{rel}","templated":true}]}}