{"id":139354,"date":"2019-07-29T10:48:38","date_gmt":"2019-07-29T14:48:38","guid":{"rendered":"https:\/\/elluchador.info\/web\/?p=139354"},"modified":"2019-07-29T10:48:59","modified_gmt":"2019-07-29T14:48:59","slug":"fuerzas-de-al-asad-recuperan-localidades-tras-intensificacion-de-bombardeos","status":"publish","type":"post","link":"https:\/\/elluchador.info\/?p=139354","title":{"rendered":"Fuerzas de Al Asad recuperan localidades tras intensificaci\u00f3n de bombardeos"},"content":{"rendered":"\n<p>Las fuerzas gubernamentales sirias tomaron hoy dos pueblos que controlaban los rebeldes en la provincia de Hama (noroeste) tras la semana de bombardeos m\u00e1s intensos en los \u00faltimos meses contra objetivos en el zona, que es el \u00faltimo basti\u00f3n de la oposici\u00f3n.<\/p>\n\n\n\n<p>Una fuente militar del Gobierno sirio dijo a Efe que \u00ab<strong>las fuerzas del Ej\u00e9rcito \u00c1rabe Sirio lograron hacerse con 10 kil\u00f3metros cuadrados tras la recuperaci\u00f3n del control de los dos pueblos de Tel Meleh y al Yabin, adem\u00e1s de la colina de Al Siriatel en el norte de la provincia de Hama despu\u00e9s de violentos combates con las facciones armadas<\/strong>\u00ab.&nbsp;<\/p>\n\n\n\n<p>Explic\u00f3 que fue \u00abuna operaci\u00f3n rel\u00e1mpago de las fuerzas del Ej\u00e9rcito para recuperar la zona que perdi\u00f3 a mediados de junio\u00bb y restablecer adem\u00e1s el control sobre una carretera estrat\u00e9gica en el noroeste de Hama.&nbsp;<\/p>\n\n\n\n<p>Agreg\u00f3 que la recuperaci\u00f3n fue precedida de ataques de la aviaci\u00f3n siria y rusa contra posiciones de las facciones opositoras en la zona donde les \u00ab<strong>cortaron las l\u00edneas de suministros en las localidades de Latamne, Al Zakat y Hasraya en el norte de Hama<\/strong>\u00ab.<\/p>\n\n\n\n<p>Las conquistas se producen despu\u00e9s de que la semana pasada las fuerzas gubernamentales lanzaran una operaci\u00f3n contra las \u00e1reas en manos de las facciones armadas opositoras en Idlib y Hama, y en menor medida en la provincia de Alepo, causando m\u00e1s de un centenar de muertos civiles.&nbsp;<\/p>\n\n\n\n<p><strong>Los ataques contra objetivos civiles merecieron la condena de la alta comisionada de la ONU para los Derechos Humanos, Michelle Bachelet, quien rechaz\u00f3 la \u00abaparente indiferencia internacional\u00bb ante estas acciones.<\/strong><\/p>\n\n\n\n<p>Las fuerzas leales a Bachar al Asad han incrementado sus operaciones en la zona desde finales de abril, cuando comenzaron una ofensiva no declarada y una escalada de los combates en la zona desmilitarizada acordada por turcos y rusos en septiembre del a\u00f1o pasado.<\/p>\n\n\n\n<p>El pacto detuvo entonces una potencial ofensiva gubernamental contra la regi\u00f3n, que es la \u00fanica de Siria que est\u00e1 controlada en casi su totalidad por grupos rebeldes e islamistas, y estableci\u00f3 un cintur\u00f3n humanitario para los cerca de 3 millones de personas que se calcula viven en Idlib.<\/p>\n\n\n\n<p>EFE<\/p>\n","protected":false},"excerpt":{"rendered":"<p>Las fuerzas gubernamentales sirias tomaron hoy dos pueblos que controlaban los rebeldes en la provincia de Hama (noroeste) tras la semana de bombardeos m\u00e1s intensos en los \u00faltimos meses contra objetivos en el zona, que es el \u00faltimo basti\u00f3n de la oposici\u00f3n. Una fuente militar del Gobierno sirio dijo a Efe que \u00ablas fuerzas del [&hellip;]<\/p>\n","protected":false},"author":2,"featured_media":139357,"comment_status":"closed","ping_status":"closed","sticky":false,"template":"","format":"standard","meta":{"footnotes":""},"categories":[8],"tags":[],"class_list":{"0":"post-139354","1":"post","2":"type-post","3":"status-publish","4":"format-standard","5":"has-post-thumbnail","7":"category-internacionales"},"_links":{"self":[{"href":"https:\/\/elluchador.info\/index.php?rest_route=\/wp\/v2\/posts\/139354","targetHints":{"allow":["GET"]}}],"collection":[{"href":"https:\/\/elluchador.info\/index.php?rest_route=\/wp\/v2\/posts"}],"about":[{"href":"https:\/\/elluchador.info\/index.php?rest_route=\/wp\/v2\/types\/post"}],"author":[{"embeddable":true,"href":"https:\/\/elluchador.info\/index.php?rest_route=\/wp\/v2\/users\/2"}],"replies":[{"embeddable":true,"href":"https:\/\/elluchador.info\/index.php?rest_route=%2Fwp%2Fv2%2Fcomments&post=139354"}],"version-history":[{"count":1,"href":"https:\/\/elluchador.info\/index.php?rest_route=\/wp\/v2\/posts\/139354\/revisions"}],"predecessor-version":[{"id":139359,"href":"https:\/\/elluchador.info\/index.php?rest_route=\/wp\/v2\/posts\/139354\/revisions\/139359"}],"wp:featuredmedia":[{"embeddable":true,"href":"https:\/\/elluchador.info\/index.php?rest_route=\/wp\/v2\/media\/139357"}],"wp:attachment":[{"href":"https:\/\/elluchador.info\/index.php?rest_route=%2Fwp%2Fv2%2Fmedia&parent=139354"}],"wp:term":[{"taxonomy":"category","embeddable":true,"href":"https:\/\/elluchador.info\/index.php?rest_route=%2Fwp%2Fv2%2Fcategories&post=139354"},{"taxonomy":"post_tag","embeddable":true,"href":"https:\/\/elluchador.info\/index.php?rest_route=%2Fwp%2Fv2%2Ftags&post=139354"}],"curies":[{"name":"wp","href":"https:\/\/api.w.org\/{rel}","templated":true}]}}