{"id":139382,"date":"2019-07-29T15:07:02","date_gmt":"2019-07-29T19:07:02","guid":{"rendered":"https:\/\/elluchador.info\/web\/?p=139382"},"modified":"2019-07-29T12:22:43","modified_gmt":"2019-07-29T16:22:43","slug":"condenan-a-10-dias-de-arresto-a-organizador-de-protestas-en-moscu","status":"publish","type":"post","link":"https:\/\/elluchador.info\/?p=139382","title":{"rendered":"Condenan a 10 d\u00edas de arresto a organizador de protestas en Mosc\u00fa"},"content":{"rendered":"\n<p>Uno de los l\u00edderes de la oposici\u00f3n extraparlamentaria rusa,&nbsp;<strong>Ili\u00e1 Yashin<\/strong>&nbsp;fue condenado a diez d\u00edas de arresto administrativo como uno de los organizadores de las protestas antigubernamentales del s\u00e1bado.<\/p>\n\n\n\n<p>Yashin, que fue detenido el s\u00e1bado, al igual que m\u00e1s de un millar de manifestantes, asegur\u00f3 en un mensaje de la red social Twitter que los cargos presentados contra \u00e9l est\u00e1n pol\u00edticamente motivados.<\/p>\n\n\n\n<p>Por el mismo motivo, el l\u00edder opositor ruso, Alex\u00e9i Navalni, ya fue condenado la pasada semana a 30 d\u00edas de arresto, por lo que no pudo acudir a la manifestaci\u00f3n no autorizada frente al Ayuntamiento de Mosc\u00fa.<\/p>\n\n\n\n<p>Navalni, que fue ingresado el domingo de urgencia en un hospital tras ser intoxicado supuestamente con una \u00absustancia qu\u00edmica desconocida\u00bb, fue trasladado este lunes de regreso al centro de detenci\u00f3n, pese a que sus m\u00e9dicos personales a\u00fan consideran que la vida del pol\u00edtico corre peligro.<\/p>\n\n\n\n<p>Seg\u00fan fuentes de derechos humanos, m\u00e1s de&nbsp;<strong>1.300 personas fueron detenidas el s\u00e1bado<\/strong>&nbsp;por las fuerzas del orden en el centro de la capital rusa, hecho que fue duramente condenado por EEUU y la Uni\u00f3n Europea (UE), adem\u00e1s de por organizaciones como Amnist\u00eda Internacional (AI).<\/p>\n\n\n\n<p>La oposici\u00f3n extraparlamentaria convoc\u00f3 la protesta despu\u00e9s de que la comisi\u00f3n electoral de Mosc\u00fa rechazara las candidaturas de decenas opositores a las elecciones municipales de septiembre pr\u00f3ximo.<\/p>\n\n\n\n<p>EFE<\/p>\n","protected":false},"excerpt":{"rendered":"<p>Uno de los l\u00edderes de la oposici\u00f3n extraparlamentaria rusa,&nbsp;Ili\u00e1 Yashin&nbsp;fue condenado a diez d\u00edas de arresto administrativo como uno de los organizadores de las protestas antigubernamentales del s\u00e1bado. Yashin, que fue detenido el s\u00e1bado, al igual que m\u00e1s de un millar de manifestantes, asegur\u00f3 en un mensaje de la red social Twitter que los cargos [&hellip;]<\/p>\n","protected":false},"author":2,"featured_media":139388,"comment_status":"closed","ping_status":"closed","sticky":false,"template":"","format":"standard","meta":{"footnotes":""},"categories":[8],"tags":[],"class_list":{"0":"post-139382","1":"post","2":"type-post","3":"status-publish","4":"format-standard","5":"has-post-thumbnail","7":"category-internacionales"},"_links":{"self":[{"href":"https:\/\/elluchador.info\/index.php?rest_route=\/wp\/v2\/posts\/139382","targetHints":{"allow":["GET"]}}],"collection":[{"href":"https:\/\/elluchador.info\/index.php?rest_route=\/wp\/v2\/posts"}],"about":[{"href":"https:\/\/elluchador.info\/index.php?rest_route=\/wp\/v2\/types\/post"}],"author":[{"embeddable":true,"href":"https:\/\/elluchador.info\/index.php?rest_route=\/wp\/v2\/users\/2"}],"replies":[{"embeddable":true,"href":"https:\/\/elluchador.info\/index.php?rest_route=%2Fwp%2Fv2%2Fcomments&post=139382"}],"version-history":[{"count":1,"href":"https:\/\/elluchador.info\/index.php?rest_route=\/wp\/v2\/posts\/139382\/revisions"}],"predecessor-version":[{"id":139390,"href":"https:\/\/elluchador.info\/index.php?rest_route=\/wp\/v2\/posts\/139382\/revisions\/139390"}],"wp:featuredmedia":[{"embeddable":true,"href":"https:\/\/elluchador.info\/index.php?rest_route=\/wp\/v2\/media\/139388"}],"wp:attachment":[{"href":"https:\/\/elluchador.info\/index.php?rest_route=%2Fwp%2Fv2%2Fmedia&parent=139382"}],"wp:term":[{"taxonomy":"category","embeddable":true,"href":"https:\/\/elluchador.info\/index.php?rest_route=%2Fwp%2Fv2%2Fcategories&post=139382"},{"taxonomy":"post_tag","embeddable":true,"href":"https:\/\/elluchador.info\/index.php?rest_route=%2Fwp%2Fv2%2Ftags&post=139382"}],"curies":[{"name":"wp","href":"https:\/\/api.w.org\/{rel}","templated":true}]}}