{"id":139383,"date":"2019-07-29T13:17:44","date_gmt":"2019-07-29T17:17:44","guid":{"rendered":"https:\/\/elluchador.info\/web\/?p=139383"},"modified":"2019-07-29T12:28:07","modified_gmt":"2019-07-29T16:28:07","slug":"casi-50-menores-detenidos-en-moscu-en-protesta-del-sabado","status":"publish","type":"post","link":"https:\/\/elluchador.info\/?p=139383","title":{"rendered":"Casi 50 menores detenidos en Mosc\u00fa en protesta del s\u00e1bado"},"content":{"rendered":"\n<p>Cerca de 50 menores fueron detenidos durante la manifestaci\u00f3n opositora no autorizada del pasado s\u00e1bado en Mosc\u00fa convocada para pedir unas elecciones municipales justas, inform\u00f3 hoy el Defensor del Menor de la capital rusa, Evgueni Bum\u00ednovich.<\/p>\n\n\n\n<p>Seg\u00fan los \u00faltimos datos, 47 menores fueron detenidos durante la manifestaci\u00f3n, indic\u00f3 Bum\u00ednovich a la agencia RIA N\u00f3vosti.<\/p>\n\n\n\n<p>El Defensor del Menor afirm\u00f3 que estuvo en varias comisar\u00edas de polic\u00eda a las que fueron llevados los adolescentes y vel\u00f3 por que fuesen entregados a sus padres.<\/p>\n\n\n\n<p>Bum\u00ednovich indic\u00f3 que la polic\u00eda liber\u00f3 a los menores en un plazo de tres a cuatro horas.<\/p>\n\n\n\n<p>\u00abNo tenemos informaci\u00f3n de que alg\u00fan menor permaneciera en dependencias policiales hasta la ma\u00f1ana siguiente\u00bb, a\u00f1adi\u00f3.<\/p>\n\n\n\n<p>Seg\u00fan el Defensor del Menor, no se detect\u00f3 ning\u00fan tipo de violaci\u00f3n en el trabajo de la polic\u00eda en las comisar\u00edas, pero indic\u00f3 que es necesario verificar hasta qu\u00e9 punto estuvo justificada la detenci\u00f3n de cada adolescente.<\/p>\n\n\n\n<p>Afirm\u00f3 que ya envi\u00f3 las correspondientes peticiones de informaci\u00f3n a la Fiscal\u00eda y a la Polic\u00eda.<\/p>\n\n\n\n<p>En ese sentido asever\u00f3 que era preciso revisar \u00abhasta qu\u00e9 punto se detuvo solo a los que realmente participaron en la manifestaci\u00f3n y si no hubo un uso excesivo de la fuerza durante las detenciones\u00bb.<\/p>\n\n\n\n<p>El pasado 27 de julio en Mosc\u00fa tuvo lugar una manifestaci\u00f3n opositora no autorizada, en protesta por la negativa de la comisi\u00f3n electoral de la capital de registrar a decenas de candidatos opositores para las elecciones del pr\u00f3ximo 8 de septiembre.<\/p>\n\n\n\n<p>La oposici\u00f3n acusa a las autoridades de manipular las miles de firmas recabadas durante las \u00faltimas semanas por sus candidatos al transcribirlas incorrectamente en el registro electr\u00f3nico.<\/p>\n\n\n\n<p>Mientras, la comisi\u00f3n electoral de Mosc\u00fa incrimina abiertamente a los opositores de incluir en sus listas a m\u00e1s de 300 \u00abalmas muertas\u00bb y a casi 10.000 personas inexistentes.<\/p>\n\n\n\n<p>De acuerdo con el Ministerio ruso del Interior, el s\u00e1bado se detuvo a 1.074 personas \u00abpor diversos delitos\u00bb durante la protesta, mientras que seg\u00fan el portal OVD-Info, especializado en el recuento de detenidos en manifestaciones, la cifra fue mayor, de 1.373 personas.<\/p>\n\n\n\n<p>Eso ser\u00eda un \u00abn\u00famero r\u00e9cord en protestas en la capital en los \u00faltimos siete a\u00f1os\u00bb, indic\u00f3 el domingo el portal de informaci\u00f3n MBK.<\/p>\n\n\n\n<p>El portal Baza document\u00f3 77 heridos durante la jornada por el uso excesivo de la fuerza de la Polic\u00eda.<\/p>\n\n\n\n<p>Seg\u00fan la Polic\u00eda, a la manifestaci\u00f3n asistieron unas 3.500 personas, si bien en los protocolos de detenci\u00f3n mostrados en las redes sociales por algunos de los arrestados admite que hab\u00eda unas 10.000 personas en la protesta.<\/p>\n\n\n\n<p><strong>EFE\/SPLL<\/strong><\/p>\n","protected":false},"excerpt":{"rendered":"<p>Cerca de 50 menores fueron detenidos durante la manifestaci\u00f3n opositora no autorizada del pasado s\u00e1bado en Mosc\u00fa convocada para pedir unas elecciones municipales justas, inform\u00f3 hoy el Defensor del Menor de la capital rusa, Evgueni Bum\u00ednovich. Seg\u00fan los \u00faltimos datos, 47 menores fueron detenidos durante la manifestaci\u00f3n, indic\u00f3 Bum\u00ednovich a la agencia RIA N\u00f3vosti. El [&hellip;]<\/p>\n","protected":false},"author":2,"featured_media":139384,"comment_status":"closed","ping_status":"closed","sticky":false,"template":"","format":"standard","meta":{"footnotes":""},"categories":[8],"tags":[],"class_list":{"0":"post-139383","1":"post","2":"type-post","3":"status-publish","4":"format-standard","5":"has-post-thumbnail","7":"category-internacionales"},"_links":{"self":[{"href":"https:\/\/elluchador.info\/index.php?rest_route=\/wp\/v2\/posts\/139383","targetHints":{"allow":["GET"]}}],"collection":[{"href":"https:\/\/elluchador.info\/index.php?rest_route=\/wp\/v2\/posts"}],"about":[{"href":"https:\/\/elluchador.info\/index.php?rest_route=\/wp\/v2\/types\/post"}],"author":[{"embeddable":true,"href":"https:\/\/elluchador.info\/index.php?rest_route=\/wp\/v2\/users\/2"}],"replies":[{"embeddable":true,"href":"https:\/\/elluchador.info\/index.php?rest_route=%2Fwp%2Fv2%2Fcomments&post=139383"}],"version-history":[{"count":1,"href":"https:\/\/elluchador.info\/index.php?rest_route=\/wp\/v2\/posts\/139383\/revisions"}],"predecessor-version":[{"id":139385,"href":"https:\/\/elluchador.info\/index.php?rest_route=\/wp\/v2\/posts\/139383\/revisions\/139385"}],"wp:featuredmedia":[{"embeddable":true,"href":"https:\/\/elluchador.info\/index.php?rest_route=\/wp\/v2\/media\/139384"}],"wp:attachment":[{"href":"https:\/\/elluchador.info\/index.php?rest_route=%2Fwp%2Fv2%2Fmedia&parent=139383"}],"wp:term":[{"taxonomy":"category","embeddable":true,"href":"https:\/\/elluchador.info\/index.php?rest_route=%2Fwp%2Fv2%2Fcategories&post=139383"},{"taxonomy":"post_tag","embeddable":true,"href":"https:\/\/elluchador.info\/index.php?rest_route=%2Fwp%2Fv2%2Ftags&post=139383"}],"curies":[{"name":"wp","href":"https:\/\/api.w.org\/{rel}","templated":true}]}}