{"id":139443,"date":"2019-07-30T12:05:31","date_gmt":"2019-07-30T16:05:31","guid":{"rendered":"https:\/\/elluchador.info\/web\/?p=139443"},"modified":"2019-07-30T11:10:28","modified_gmt":"2019-07-30T15:10:28","slug":"onu-pide-una-investigacion-independiente-del-disparo-israeli-a-nino-palestino","status":"publish","type":"post","link":"https:\/\/elluchador.info\/?p=139443","title":{"rendered":"ONU pide una investigaci\u00f3n independiente del disparo israel\u00ed a ni\u00f1o palestino"},"content":{"rendered":"\n<p>&nbsp;La ONU dijo hoy que el disparo en la cabeza que recibi\u00f3 un ni\u00f1o palestino, cuando el Ej\u00e9rcito israel\u00ed intentaba sofocar una protesta cercana, debe ser investigado de forma independiente e imparcial, y no de forma interna dentro del mismo cuerpo militar.<\/p>\n\n\n\n<p>Sostuvo que esa podr\u00e1 ser la \u00fanica manera de garantizar que \u00ab<strong>los responsables sean juzgados<\/strong>\u00ab.<\/p>\n\n\n\n<p>El Ejercito ha se\u00f1alado que en ning\u00fan momento tuvo como blanco otros que no fueran manifestantes lanzando piedras y quemando neum\u00e1ticos, pero la bala recibida por Abed Shtawe, de nueve a\u00f1os, indica lo contrario.<\/p>\n\n\n\n<p>La Oficina de la alta comisionada para los derechos humanos, Michelle Bachelet, reaccion\u00f3 frente a este caso y sostuvo que ha recibido informaciones de fuentes&nbsp;<strong>cre\u00edbles que descartan que Abed estuviese participando en las protestas y m\u00e1s bien indican que se encontraba a cien metros de la misma, jugando en el patio de la casa de un amigo<\/strong>.<\/p>\n\n\n\n<p>Por tanto, no representaba ninguna amenaza ni para los soldados ni para civiles israel\u00edes, que es como el ej\u00e9rcito justifica las ocasiones en las que usa la fuerza.<\/p>\n\n\n\n<p>\u00ab<strong>El disparo contra Abed es uno de los \u00faltimos en una larga lista de incidentes en los territorios palestinos ocupados en los cuales ni\u00f1os y j\u00f3venes son heridos o asesinados en circunstancias que apuntan claramente al uso excesivo de la fuerza por parte de las Fuerzas de Seguridad Israel\u00ed<\/strong>\u00ab, se denunci\u00f3 desde la oficina de Bachelet en Ginebra.<\/p>\n\n\n\n<p>Preguntado sobre si cre\u00eda que el disparo fue premeditado, un portavoz de la alta comisionada respondi\u00f3 que aunque no pod\u00eda dar una respuesta categ\u00f3rica -y por esto es que se pide una investigaci\u00f3n realmente independiente- hay antecedentes del uso de francotiradores por parte de Israel.<\/p>\n\n\n\n<p><strong>As\u00ed lo corrobor\u00f3 a principios de este a\u00f1o una comisi\u00f3n especial creada por la ONU para investigar las violaciones de los derechos humanos cometidas por el Ej\u00e9rcito de Israel en la represi\u00f3n de las protestas palestinas en Gaza.<\/strong><\/p>\n\n\n\n<p>\u00ab<strong>Pero la conclusi\u00f3n es que se sigue disparando a ni\u00f1os y no vemos evidencia de una investigaci\u00f3n consecuente en cada uno de estos incidente<\/strong>s\u00bb, dijo el portavoz Rupert Colville.<\/p>\n\n\n\n<p>Agreg\u00f3 que todo esto debe ser investigado fuera de las fuerzas militares puesto que lo que Israel ha comunicado es que la muerte de Abed est\u00e1 siendo objeto de un procedimiento interno.<\/p>\n\n\n\n<p>\u00ab<strong>Nunca es una buena idea que las Fuerzas de Seguridad Israel\u00ed se investiguen a si mismas por razones obvias<\/strong>\u00ab, insisti\u00f3.<\/p>\n\n\n\n<p>Seg\u00fan las informaciones que maneja la ONU, Abed recibi\u00f3 el disparo en la frente, que result\u00f3 en un gran orificio y fracturas m\u00faltiples del cr\u00e1neo.<\/p>\n\n\n\n<p>Los ex\u00e1menes m\u00e9dicos muestran decenas de fragmentos en la cabeza del ni\u00f1o \u00abque han resultado en graves da\u00f1os a su cerebro\u00bb.<\/p>\n\n\n\n<p>Incluso si Abed sobreviviese, recuperarse de tales heridas es muy improbable, recalc\u00f3 Colville.<\/p>\n\n\n\n<p>EFE<\/p>\n","protected":false},"excerpt":{"rendered":"<p>&nbsp;La ONU dijo hoy que el disparo en la cabeza que recibi\u00f3 un ni\u00f1o palestino, cuando el Ej\u00e9rcito israel\u00ed intentaba sofocar una protesta cercana, debe ser investigado de forma independiente e imparcial, y no de forma interna dentro del mismo cuerpo militar. Sostuvo que esa podr\u00e1 ser la \u00fanica manera de garantizar que \u00ablos responsables [&hellip;]<\/p>\n","protected":false},"author":2,"featured_media":139445,"comment_status":"closed","ping_status":"closed","sticky":false,"template":"","format":"standard","meta":{"footnotes":""},"categories":[8],"tags":[],"class_list":{"0":"post-139443","1":"post","2":"type-post","3":"status-publish","4":"format-standard","5":"has-post-thumbnail","7":"category-internacionales"},"_links":{"self":[{"href":"https:\/\/elluchador.info\/index.php?rest_route=\/wp\/v2\/posts\/139443","targetHints":{"allow":["GET"]}}],"collection":[{"href":"https:\/\/elluchador.info\/index.php?rest_route=\/wp\/v2\/posts"}],"about":[{"href":"https:\/\/elluchador.info\/index.php?rest_route=\/wp\/v2\/types\/post"}],"author":[{"embeddable":true,"href":"https:\/\/elluchador.info\/index.php?rest_route=\/wp\/v2\/users\/2"}],"replies":[{"embeddable":true,"href":"https:\/\/elluchador.info\/index.php?rest_route=%2Fwp%2Fv2%2Fcomments&post=139443"}],"version-history":[{"count":1,"href":"https:\/\/elluchador.info\/index.php?rest_route=\/wp\/v2\/posts\/139443\/revisions"}],"predecessor-version":[{"id":139446,"href":"https:\/\/elluchador.info\/index.php?rest_route=\/wp\/v2\/posts\/139443\/revisions\/139446"}],"wp:featuredmedia":[{"embeddable":true,"href":"https:\/\/elluchador.info\/index.php?rest_route=\/wp\/v2\/media\/139445"}],"wp:attachment":[{"href":"https:\/\/elluchador.info\/index.php?rest_route=%2Fwp%2Fv2%2Fmedia&parent=139443"}],"wp:term":[{"taxonomy":"category","embeddable":true,"href":"https:\/\/elluchador.info\/index.php?rest_route=%2Fwp%2Fv2%2Fcategories&post=139443"},{"taxonomy":"post_tag","embeddable":true,"href":"https:\/\/elluchador.info\/index.php?rest_route=%2Fwp%2Fv2%2Ftags&post=139443"}],"curies":[{"name":"wp","href":"https:\/\/api.w.org\/{rel}","templated":true}]}}