{"id":139444,"date":"2019-07-30T11:23:11","date_gmt":"2019-07-30T15:23:11","guid":{"rendered":"https:\/\/elluchador.info\/web\/?p=139444"},"modified":"2019-07-30T11:23:14","modified_gmt":"2019-07-30T15:23:14","slug":"gobierno-presentara-informe-sobre-avance-en-estabilizacion-del-sen","status":"publish","type":"post","link":"https:\/\/elluchador.info\/?p=139444","title":{"rendered":"Gobierno presentar\u00e1 informe sobre avance en estabilizaci\u00f3n del SEN"},"content":{"rendered":"\n<p>Autoridades del Estado Mayor El\u00e9ctrico se reunieron este lunes para revisar los avances y diagn\u00f3sticos de las diferentes \u00e1reas del Servicio El\u00e9ctrico Nacional (SEN) y asegurar la estabilidad del servicio, inform\u00f3 el vicepresidente Sectorial de Servicios y Obras P\u00fablicas,&nbsp;<strong>N\u00e9stor Luis Reverol,<\/strong>&nbsp;en su cuenta Twitter.<\/p>\n\n\n\n<p>\u00abMe reun\u00ed con los integrantes de las comisiones nacionales del Estado Mayor El\u00e9ctrico para revisar los avances y diagn\u00f3sticos en las diferentes \u00e1reas del sistema, atendiendo los diferentes puntos priorizados: generaci\u00f3n,transmisi\u00f3n y distribuci\u00f3n para estabilizaci\u00f3n del SEN\u00bb, escribi\u00f3 en la red Twitter.<\/p>\n\n\n\n<p>La semana pasada el servicio el\u00e9ctrico se vio afectado por varias horas en algunos estados del pa\u00eds, debido a una nueva falla en el Bajo Caron\u00ed, Guyana, de acuerdo a las denuncias hechas por el Gobierno Nacional.<\/p>\n\n\n\n<p>El Presidente Nicol\u00e1s Maduro inform\u00f3 \u2013en d\u00edas pasados\u2013 que en las pr\u00f3ximas horas presentar\u00e1<strong>&nbsp;un informe detallado del nuevo ataque al Sistema El\u00e9ctrico Nacional (SEN),<\/strong>&nbsp;que se produjo en el pa\u00eds el pasado lunes 22 de de julio.<\/p>\n\n\n\n<p><strong>AVN\/SPLL<\/strong><\/p>\n","protected":false},"excerpt":{"rendered":"<p>Autoridades del Estado Mayor El\u00e9ctrico se reunieron este lunes para revisar los avances y diagn\u00f3sticos de las diferentes \u00e1reas del Servicio El\u00e9ctrico Nacional (SEN) y asegurar la estabilidad del servicio, inform\u00f3 el vicepresidente Sectorial de Servicios y Obras P\u00fablicas,&nbsp;N\u00e9stor Luis Reverol,&nbsp;en su cuenta Twitter. \u00abMe reun\u00ed con los integrantes de las comisiones nacionales del Estado [&hellip;]<\/p>\n","protected":false},"author":2,"featured_media":139448,"comment_status":"closed","ping_status":"closed","sticky":false,"template":"","format":"standard","meta":{"footnotes":""},"categories":[5,9],"tags":[],"class_list":{"0":"post-139444","1":"post","2":"type-post","3":"status-publish","4":"format-standard","5":"has-post-thumbnail","7":"category-destacado","8":"category-nacionales"},"_links":{"self":[{"href":"https:\/\/elluchador.info\/index.php?rest_route=\/wp\/v2\/posts\/139444","targetHints":{"allow":["GET"]}}],"collection":[{"href":"https:\/\/elluchador.info\/index.php?rest_route=\/wp\/v2\/posts"}],"about":[{"href":"https:\/\/elluchador.info\/index.php?rest_route=\/wp\/v2\/types\/post"}],"author":[{"embeddable":true,"href":"https:\/\/elluchador.info\/index.php?rest_route=\/wp\/v2\/users\/2"}],"replies":[{"embeddable":true,"href":"https:\/\/elluchador.info\/index.php?rest_route=%2Fwp%2Fv2%2Fcomments&post=139444"}],"version-history":[{"count":1,"href":"https:\/\/elluchador.info\/index.php?rest_route=\/wp\/v2\/posts\/139444\/revisions"}],"predecessor-version":[{"id":139449,"href":"https:\/\/elluchador.info\/index.php?rest_route=\/wp\/v2\/posts\/139444\/revisions\/139449"}],"wp:featuredmedia":[{"embeddable":true,"href":"https:\/\/elluchador.info\/index.php?rest_route=\/wp\/v2\/media\/139448"}],"wp:attachment":[{"href":"https:\/\/elluchador.info\/index.php?rest_route=%2Fwp%2Fv2%2Fmedia&parent=139444"}],"wp:term":[{"taxonomy":"category","embeddable":true,"href":"https:\/\/elluchador.info\/index.php?rest_route=%2Fwp%2Fv2%2Fcategories&post=139444"},{"taxonomy":"post_tag","embeddable":true,"href":"https:\/\/elluchador.info\/index.php?rest_route=%2Fwp%2Fv2%2Ftags&post=139444"}],"curies":[{"name":"wp","href":"https:\/\/api.w.org\/{rel}","templated":true}]}}