{"id":139476,"date":"2019-07-30T16:56:47","date_gmt":"2019-07-30T20:56:47","guid":{"rendered":"https:\/\/elluchador.info\/web\/?p=139476"},"modified":"2019-07-30T13:27:07","modified_gmt":"2019-07-30T17:27:07","slug":"diosdado-cabello-afirma-que-a-mas-tardar-en-el-2020-habra-elecciones-parlamentarias","status":"publish","type":"post","link":"https:\/\/elluchador.info\/?p=139476","title":{"rendered":"Diosdado Cabello afirma que a m\u00e1s tardar en el 2020 habr\u00e1 elecciones parlamentarias"},"content":{"rendered":"\n<p>En el marco de la conmemoraci\u00f3n del segundo aniversario de la Asamblea Nacional Constituyente (ANC), su presidente, Diosdado Cabello, record\u00f3 que a m\u00e1s tardar en el a\u00f1o 2020 habr\u00e1 elecciones parlamentarias.<\/p>\n\n\n\n<p>Cabello dijo en esta sesi\u00f3n que hoy deben darle gracias al presidente Nicol\u00e1s Maduro por convocar al poder constituyente originario el 1 mayo del 2017.&nbsp;<\/p>\n\n\n\n<p>A su juicio, ese 1 de mayo fue la sola invocaci\u00f3n del poder constituyente originario que se manifest\u00f3 en todos los rincones de \u201cla patria llen\u00e1ndola de paz\u201d.&nbsp;<\/p>\n\n\n\n<p><strong>Fernando Soto Rojas<\/strong>&nbsp;es el Orador de Orden en la Sesi\u00f3n Especial, en su locuci\u00f3n asegur\u00f3 que&nbsp;<strong>\u201cel 1 de mayo del 2017, Maduro plante\u00f3 una iniciativa que tiene toda una fundamentaci\u00f3n hist\u00f3rica, pol\u00edtica y constitucional para resolver conflictos, la convocatoria a una constituyente\u201d<\/strong>.<\/p>\n\n\n\n<p>Denunci\u00f3 que \u201chay que estar claros en los objetivos del imperio, todos tienen una finalidad: aniquilar la fuerza del pueblo. En esto no podemos estar con dudas ni vacilaciones\u201d.<\/p>\n\n\n\n<p>Asever\u00f3 que&nbsp;<strong>\u201csomos gente de di\u00e1logo y de paz, pero no le tenemos miedo al imperialismo yankee\u201d.<\/strong><\/p>\n\n\n\n<p>La ANC fue electa el 30 de julio de 2017 y se instal\u00f3 formalmente el 04 de agosto del mismo a\u00f1o, en el Sal\u00f3n El\u00edptico del Palacio Federal Legislativo.<\/p>\n\n\n\n<p><strong>Contrapunto<\/strong><\/p>\n","protected":false},"excerpt":{"rendered":"<p>En el marco de la conmemoraci\u00f3n del segundo aniversario de la Asamblea Nacional Constituyente (ANC), su presidente, Diosdado Cabello, record\u00f3 que a m\u00e1s tardar en el a\u00f1o 2020 habr\u00e1 elecciones parlamentarias. Cabello dijo en esta sesi\u00f3n que hoy deben darle gracias al presidente Nicol\u00e1s Maduro por convocar al poder constituyente originario el 1 mayo del [&hellip;]<\/p>\n","protected":false},"author":2,"featured_media":139483,"comment_status":"closed","ping_status":"closed","sticky":false,"template":"","format":"standard","meta":{"footnotes":""},"categories":[9],"tags":[],"class_list":{"0":"post-139476","1":"post","2":"type-post","3":"status-publish","4":"format-standard","5":"has-post-thumbnail","7":"category-nacionales"},"_links":{"self":[{"href":"https:\/\/elluchador.info\/index.php?rest_route=\/wp\/v2\/posts\/139476","targetHints":{"allow":["GET"]}}],"collection":[{"href":"https:\/\/elluchador.info\/index.php?rest_route=\/wp\/v2\/posts"}],"about":[{"href":"https:\/\/elluchador.info\/index.php?rest_route=\/wp\/v2\/types\/post"}],"author":[{"embeddable":true,"href":"https:\/\/elluchador.info\/index.php?rest_route=\/wp\/v2\/users\/2"}],"replies":[{"embeddable":true,"href":"https:\/\/elluchador.info\/index.php?rest_route=%2Fwp%2Fv2%2Fcomments&post=139476"}],"version-history":[{"count":1,"href":"https:\/\/elluchador.info\/index.php?rest_route=\/wp\/v2\/posts\/139476\/revisions"}],"predecessor-version":[{"id":139484,"href":"https:\/\/elluchador.info\/index.php?rest_route=\/wp\/v2\/posts\/139476\/revisions\/139484"}],"wp:featuredmedia":[{"embeddable":true,"href":"https:\/\/elluchador.info\/index.php?rest_route=\/wp\/v2\/media\/139483"}],"wp:attachment":[{"href":"https:\/\/elluchador.info\/index.php?rest_route=%2Fwp%2Fv2%2Fmedia&parent=139476"}],"wp:term":[{"taxonomy":"category","embeddable":true,"href":"https:\/\/elluchador.info\/index.php?rest_route=%2Fwp%2Fv2%2Fcategories&post=139476"},{"taxonomy":"post_tag","embeddable":true,"href":"https:\/\/elluchador.info\/index.php?rest_route=%2Fwp%2Fv2%2Ftags&post=139476"}],"curies":[{"name":"wp","href":"https:\/\/api.w.org\/{rel}","templated":true}]}}