{"id":139495,"date":"2019-07-30T15:26:16","date_gmt":"2019-07-30T19:26:16","guid":{"rendered":"https:\/\/elluchador.info\/web\/?p=139495"},"modified":"2019-07-30T15:26:21","modified_gmt":"2019-07-30T19:26:21","slug":"heres-rindio-homenaje-al-comandante-chavez-por-su-natalicio","status":"publish","type":"post","link":"https:\/\/elluchador.info\/?p=139495","title":{"rendered":"Heres rindi\u00f3 homenaje al comandante Ch\u00e1vez por su natalicio"},"content":{"rendered":"\n<p>Con motivo\ndel 65 aniversario del natalicio del comandante y l\u00edder de la Revoluci\u00f3n\nBolivariana, Hugo Rafael Ch\u00e1vez Fr\u00edas, este domingo 28 de julio se desarroll\u00f3\nuna serie de actos en el Casco Hist\u00f3rico de Ciudad Bol\u00edvar.<\/p>\n\n\n\n<p>El alcalde de\nla ciudad, Sergio Hern\u00e1ndez inform\u00f3 que para esta fecha, recordar la vigencia\ndel legado del hombre m\u00e1s importante de la historia de Venezuela y el mundo,\ndel siglo XXI, es imperante destacar que hoy hay un antes y despu\u00e9s de Ch\u00e1vez. <\/p>\n\n\n\n<p>Indic\u00f3 el\nburgomaestre que desde las 9:00 de la ma\u00f1ana la Plaza Bol\u00edvar, se inund\u00f3 de\npueblo, que con orgullo desarroll\u00f3 diversas actividades culturales, la\nparticipaci\u00f3n de agrupaciones de las diferentes parroquias, as\u00ed como teatro,\ndanza, cantos revolucionarios y la mega torta, para cantar cumplea\u00f1os al\nComandante Eterno, ante la estatua pedestre del Padre de la patria, Sim\u00f3n\nBol\u00edvar.<\/p>\n\n\n\n<p>\u00abEsta es una\ngran fecha para celebrar y destacar el legado del visionario Ch\u00e1vez,\nespecialmente en momentos como estos, cuando la patria est\u00e1 siendo atacada\nvilmente, se debe mantener presente el pensamiento chavista, para garantizar\nque Venezuela, patria de Bol\u00edvar y Ch\u00e1vez sigue siendo una naci\u00f3n libre y\nsoberana\u00bb, sostuvo Hern\u00e1ndez.<\/p>\n\n\n\n<p>Naci\u00f3 el 28\nde julio de 1954 en Sabaneta de Barinas, el Gigante Hugo Ch\u00e1vez. Fue un\npol\u00edtico-militar que en 1999 asumi\u00f3 la Presidencia de Venezuela con gran apoyo\ndel pueblo, cargo que ocup\u00f3 hasta su siembra en el 2013.<\/p>\n\n\n\n<p>Comuneras y\ncomuneros, acompa\u00f1aron al alcalde Sergio Hern\u00e1ndez, as\u00ed como el presidente del\nConcejo de Heres, Armando Barreto junto a dem\u00e1s ediles, las diputadas Vicky\nRojas y Lisbethy Rodr\u00edguez y el diputado Ronald Bastardo, director de Salud\nHeres, Yosmar Betancourt, director de la universidad Sim\u00f3n Rodr\u00edguez, n\u00facleo\nCiudad Bol\u00edvar.<\/p>\n\n\n\n<p>De igual manera, estuvo presente Zulay Betancourt y el Movimiento Somos Venezuela Heres, el Contralmirante C\u00e9sar David Labrador Tovar, segundo comandante de la Zodi Bol\u00edvar N62 y jefe del estado Mayor, al igual que la Milicia Bolivariana se volc\u00f3 para recordar el legado, con las mujeres revolucionarias y Hogares de la Patria.<strong> <\/strong><\/p>\n\n\n\n<p><strong>Prensa Alcald\u00eda de Heres<\/strong><\/p>\n","protected":false},"excerpt":{"rendered":"<p>Con motivo del 65 aniversario del natalicio del comandante y l\u00edder de la Revoluci\u00f3n Bolivariana, Hugo Rafael Ch\u00e1vez Fr\u00edas, este domingo 28 de julio se desarroll\u00f3 una serie de actos en el Casco Hist\u00f3rico de Ciudad Bol\u00edvar. El alcalde de la ciudad, Sergio Hern\u00e1ndez inform\u00f3 que para esta fecha, recordar la vigencia del legado del [&hellip;]<\/p>\n","protected":false},"author":2,"featured_media":139500,"comment_status":"closed","ping_status":"closed","sticky":false,"template":"","format":"standard","meta":{"footnotes":""},"categories":[20,11],"tags":[],"class_list":{"0":"post-139495","1":"post","2":"type-post","3":"status-publish","4":"format-standard","5":"has-post-thumbnail","7":"category-municipal","8":"category-politica"},"_links":{"self":[{"href":"https:\/\/elluchador.info\/index.php?rest_route=\/wp\/v2\/posts\/139495","targetHints":{"allow":["GET"]}}],"collection":[{"href":"https:\/\/elluchador.info\/index.php?rest_route=\/wp\/v2\/posts"}],"about":[{"href":"https:\/\/elluchador.info\/index.php?rest_route=\/wp\/v2\/types\/post"}],"author":[{"embeddable":true,"href":"https:\/\/elluchador.info\/index.php?rest_route=\/wp\/v2\/users\/2"}],"replies":[{"embeddable":true,"href":"https:\/\/elluchador.info\/index.php?rest_route=%2Fwp%2Fv2%2Fcomments&post=139495"}],"version-history":[{"count":1,"href":"https:\/\/elluchador.info\/index.php?rest_route=\/wp\/v2\/posts\/139495\/revisions"}],"predecessor-version":[{"id":139501,"href":"https:\/\/elluchador.info\/index.php?rest_route=\/wp\/v2\/posts\/139495\/revisions\/139501"}],"wp:featuredmedia":[{"embeddable":true,"href":"https:\/\/elluchador.info\/index.php?rest_route=\/wp\/v2\/media\/139500"}],"wp:attachment":[{"href":"https:\/\/elluchador.info\/index.php?rest_route=%2Fwp%2Fv2%2Fmedia&parent=139495"}],"wp:term":[{"taxonomy":"category","embeddable":true,"href":"https:\/\/elluchador.info\/index.php?rest_route=%2Fwp%2Fv2%2Fcategories&post=139495"},{"taxonomy":"post_tag","embeddable":true,"href":"https:\/\/elluchador.info\/index.php?rest_route=%2Fwp%2Fv2%2Ftags&post=139495"}],"curies":[{"name":"wp","href":"https:\/\/api.w.org\/{rel}","templated":true}]}}