{"id":139520,"date":"2019-07-31T11:04:40","date_gmt":"2019-07-31T15:04:40","guid":{"rendered":"https:\/\/elluchador.info\/web\/?p=139520"},"modified":"2019-07-31T11:04:54","modified_gmt":"2019-07-31T15:04:54","slug":"sismo-de-465-sacude-provincia-andina-de-ecuador","status":"publish","type":"post","link":"https:\/\/elluchador.info\/?p=139520","title":{"rendered":"Sismo de 4,65 sacude provincia andina de Ecuador"},"content":{"rendered":"\n<p>Un sismo de magnitud 4,65 en la escala abierta de Richter se registr\u00f3 este mi\u00e9rcoles en la provincia ecuatoriana del Chimborazo, en la regi\u00f3n andina del pa\u00eds, sin que hasta el momento se haya informado de v\u00edctimas o da\u00f1os materiales.<\/p>\n\n\n\n<p>De acuerdo al Instituto Geof\u00edsico de la Escuela Polit\u00e9cnica Nacional, el sismo ocurri\u00f3 a las 04:41 hora local (09:41 GMT) a 1,99 grados de latitud sur y a 79,01 grados de longitud oeste.<\/p>\n\n\n\n<p>De acuerdo a la fuente, el temblor ocurri\u00f3 a una profundidad de 9,85 kil\u00f3metros y a 26,81 kil\u00f3metros de la localidad de Cumand\u00e1, en Chimborazo, en el centro-sur andino del pa\u00eds.<\/p>\n\n\n\n<p>Reportes ciudadanos en las redes sociales del Instituto Geof\u00edsico de la Escuela Polit\u00e9cnica Nacional dan cuenta de que el sismo se sinti\u00f3 tambi\u00e9n en las provincias del Guayas, Tungurahua, Los R\u00edos, Bol\u00edvar y Azuay.<\/p>\n\n\n\n<p>Sin embargo, de acuerdo a la Secretar\u00eda Nacional de Gesti\u00f3n de Riesgos y Emergencias, el sismo se sinti\u00f3 de forma fuerte en Chillanes, de manera moderada en San Miguel, Guaranda y Chimbo (Bol\u00edvar), y leve en Naranjal, Milagro, Guayaquil, Sanborond\u00f3n y Bucay (Guayas).<\/p>\n\n\n\n<p>Adem\u00e1s, en la ciudad de Puyo (Pastaza), en Suscal (Ca\u00f1ar), Ambato y Ba\u00f1os (Tungurahua), y en la mayor\u00eda de los cantones de la provincia de Chimborazo.<\/p>\n\n\n\n<p>La Secretar\u00eda se\u00f1al\u00f3 que sus unidades de monitoreo a nivel nacional se encuentran en permanente vigilancia y formul\u00f3 un llamamiento a la ciudadan\u00eda a tener listo un Plan de Emergencia, mochila de emergencia y a permanecer informado por fuentes oficiales.<\/p>\n\n\n\n<p>Ecuador se encuentra en el Cintur\u00f3n o Anillo de Fuego del Pac\u00edfico, que concentra algunas de las zonas de subducci\u00f3n (hundimiento de placas tect\u00f3nicas) m\u00e1s importantes del mundo y es escenario de una fuerte actividad s\u00edsmica.<\/p>\n\n\n\n<p>Adem\u00e1s de Ecuador, el Cintur\u00f3n, que tiene forma de herradura, comprende a una gran cantidad de pa\u00edses tales como Chile, Argentina, Bolivia, Per\u00fa, Colombia, Panam\u00e1, Costa Rica, Nicaragua, El Salvador, Honduras, Guatemala, M\u00e9xico, Estados Unidos y Canad\u00e1.<\/p>\n\n\n\n<p>Entre los eventos m\u00e1s graves registrados en la historia reciente de Ecuador figura el terremoto de magnitud 7,8 ocurrido hace m\u00e1s de tres a\u00f1os.<\/p>\n\n\n\n<p>Ese fen\u00f3meno natural, ocurrido el 16 de abril de 2016, dej\u00f3 m\u00e1s de 670 fallecidos, miles de afectados, as\u00ed como millonarias p\u00e9rdidas materiales y afect\u00f3 en mayor medida a las provincias de Esmeraldas y Manab\u00ed, ambas situadas en la costa, en el oeste del pa\u00eds andino.<\/p>\n\n\n\n<p><strong>EFE\/SPLL<\/strong><\/p>\n","protected":false},"excerpt":{"rendered":"<p>Un sismo de magnitud 4,65 en la escala abierta de Richter se registr\u00f3 este mi\u00e9rcoles en la provincia ecuatoriana del Chimborazo, en la regi\u00f3n andina del pa\u00eds, sin que hasta el momento se haya informado de v\u00edctimas o da\u00f1os materiales. De acuerdo al Instituto Geof\u00edsico de la Escuela Polit\u00e9cnica Nacional, el sismo ocurri\u00f3 a las [&hellip;]<\/p>\n","protected":false},"author":2,"featured_media":92468,"comment_status":"closed","ping_status":"closed","sticky":false,"template":"","format":"standard","meta":{"footnotes":""},"categories":[8],"tags":[],"class_list":{"0":"post-139520","1":"post","2":"type-post","3":"status-publish","4":"format-standard","5":"has-post-thumbnail","7":"category-internacionales"},"_links":{"self":[{"href":"https:\/\/elluchador.info\/index.php?rest_route=\/wp\/v2\/posts\/139520","targetHints":{"allow":["GET"]}}],"collection":[{"href":"https:\/\/elluchador.info\/index.php?rest_route=\/wp\/v2\/posts"}],"about":[{"href":"https:\/\/elluchador.info\/index.php?rest_route=\/wp\/v2\/types\/post"}],"author":[{"embeddable":true,"href":"https:\/\/elluchador.info\/index.php?rest_route=\/wp\/v2\/users\/2"}],"replies":[{"embeddable":true,"href":"https:\/\/elluchador.info\/index.php?rest_route=%2Fwp%2Fv2%2Fcomments&post=139520"}],"version-history":[{"count":1,"href":"https:\/\/elluchador.info\/index.php?rest_route=\/wp\/v2\/posts\/139520\/revisions"}],"predecessor-version":[{"id":139523,"href":"https:\/\/elluchador.info\/index.php?rest_route=\/wp\/v2\/posts\/139520\/revisions\/139523"}],"wp:featuredmedia":[{"embeddable":true,"href":"https:\/\/elluchador.info\/index.php?rest_route=\/wp\/v2\/media\/92468"}],"wp:attachment":[{"href":"https:\/\/elluchador.info\/index.php?rest_route=%2Fwp%2Fv2%2Fmedia&parent=139520"}],"wp:term":[{"taxonomy":"category","embeddable":true,"href":"https:\/\/elluchador.info\/index.php?rest_route=%2Fwp%2Fv2%2Fcategories&post=139520"},{"taxonomy":"post_tag","embeddable":true,"href":"https:\/\/elluchador.info\/index.php?rest_route=%2Fwp%2Fv2%2Ftags&post=139520"}],"curies":[{"name":"wp","href":"https:\/\/api.w.org\/{rel}","templated":true}]}}