{"id":139532,"date":"2019-07-31T12:06:51","date_gmt":"2019-07-31T16:06:51","guid":{"rendered":"https:\/\/elluchador.info\/web\/?p=139532"},"modified":"2019-07-31T12:06:59","modified_gmt":"2019-07-31T16:06:59","slug":"colegio-adventista-venezuela-celebra-xi-promocion-de-bachilleres-en-ciencias","status":"publish","type":"post","link":"https:\/\/elluchador.info\/?p=139532","title":{"rendered":"Colegio Adventista Venezuela celebra XI promoci\u00f3n de bachilleres en Ciencias"},"content":{"rendered":"\n<p>Este martes, 30 de julio, 47 bachilleres recibieron su t\u00edtulo en la celebraci\u00f3n de la XI promoci\u00f3n del Colegio Adventista Venezuela de Ciudad Bol\u00edvar.<\/p>\n\n\n\n<p>El acto se realiz\u00f3 en el Acto Acad\u00e9mico \u00abJos\u00e9 Antonio Abreu\u00bb de la Orquesta Sinf\u00f3nica Juvenil del estado Bol\u00edvar, donde los familiares de los j\u00f3venes acudieron para celebrar el cumplimiento de sus metas.<\/p>\n\n\n\n<div class=\"wp-block-image\"><figure class=\"aligncenter is-resized\"><img loading=\"lazy\" decoding=\"async\" src=\"https:\/\/elluchador.info\/web\/wp-content\/uploads\/2019\/07\/graduacion-colegio-venezuela.jpeg\" alt=\"\" class=\"wp-image-139536\" width=\"580\" height=\"322\"\/><\/figure><\/div>\n\n\n\n<p><\/p>\n\n\n\n<p>Los egresados agradecieron a sus docentes y directivos por la educaci\u00f3n con valores cristianos que les impartieron.<\/p>\n\n\n\n<p>Igualmente dieron las gracias a quienes les ayudaron durante su aprendizaje y les ense\u00f1aron a luchar por sus sue\u00f1os.<\/p>\n\n\n\n<p>Asimismo, los directivos exhortaron los bachilleres a seguir estudiando y aportar para el crecimiento de la patria.<\/p>\n\n\n\n<p><strong>Redacci\u00f3n <\/strong><\/p>\n","protected":false},"excerpt":{"rendered":"<p>Este martes, 30 de julio, 47 bachilleres recibieron su t\u00edtulo en la celebraci\u00f3n de la XI promoci\u00f3n del Colegio Adventista Venezuela de Ciudad Bol\u00edvar. El acto se realiz\u00f3 en el Acto Acad\u00e9mico \u00abJos\u00e9 Antonio Abreu\u00bb de la Orquesta Sinf\u00f3nica Juvenil del estado Bol\u00edvar, donde los familiares de los j\u00f3venes acudieron para celebrar el cumplimiento de [&hellip;]<\/p>\n","protected":false},"author":2,"featured_media":139535,"comment_status":"closed","ping_status":"closed","sticky":false,"template":"","format":"standard","meta":{"footnotes":""},"categories":[12],"tags":[],"class_list":{"0":"post-139532","1":"post","2":"type-post","3":"status-publish","4":"format-standard","5":"has-post-thumbnail","7":"category-regionales"},"_links":{"self":[{"href":"https:\/\/elluchador.info\/index.php?rest_route=\/wp\/v2\/posts\/139532","targetHints":{"allow":["GET"]}}],"collection":[{"href":"https:\/\/elluchador.info\/index.php?rest_route=\/wp\/v2\/posts"}],"about":[{"href":"https:\/\/elluchador.info\/index.php?rest_route=\/wp\/v2\/types\/post"}],"author":[{"embeddable":true,"href":"https:\/\/elluchador.info\/index.php?rest_route=\/wp\/v2\/users\/2"}],"replies":[{"embeddable":true,"href":"https:\/\/elluchador.info\/index.php?rest_route=%2Fwp%2Fv2%2Fcomments&post=139532"}],"version-history":[{"count":1,"href":"https:\/\/elluchador.info\/index.php?rest_route=\/wp\/v2\/posts\/139532\/revisions"}],"predecessor-version":[{"id":139537,"href":"https:\/\/elluchador.info\/index.php?rest_route=\/wp\/v2\/posts\/139532\/revisions\/139537"}],"wp:featuredmedia":[{"embeddable":true,"href":"https:\/\/elluchador.info\/index.php?rest_route=\/wp\/v2\/media\/139535"}],"wp:attachment":[{"href":"https:\/\/elluchador.info\/index.php?rest_route=%2Fwp%2Fv2%2Fmedia&parent=139532"}],"wp:term":[{"taxonomy":"category","embeddable":true,"href":"https:\/\/elluchador.info\/index.php?rest_route=%2Fwp%2Fv2%2Fcategories&post=139532"},{"taxonomy":"post_tag","embeddable":true,"href":"https:\/\/elluchador.info\/index.php?rest_route=%2Fwp%2Fv2%2Ftags&post=139532"}],"curies":[{"name":"wp","href":"https:\/\/api.w.org\/{rel}","templated":true}]}}