{"id":139534,"date":"2019-07-31T12:24:32","date_gmt":"2019-07-31T16:24:32","guid":{"rendered":"https:\/\/elluchador.info\/web\/?p=139534"},"modified":"2019-07-31T12:24:37","modified_gmt":"2019-07-31T16:24:37","slug":"ong-estadounidense-denuncia-que-siguen-las-separaciones-de-ninos-de-sus-padres","status":"publish","type":"post","link":"https:\/\/elluchador.info\/?p=139534","title":{"rendered":"ONG estadounidense denuncia que siguen las separaciones de ni\u00f1os de sus padres"},"content":{"rendered":"\n<p>Los casos de separaciones de ni\u00f1os de sus padres no han cesado. Hoy, abogados de Uni\u00f3n Americana de Libertades Civiles (ACLU) dijeron a un juez federal de California que el gobierno del presidente Donald Trump ha continuado con la pol\u00edtica y cerca de 1,000 ni\u00f1os migrantes m\u00e1s han resultado afectados, reporta el diario \u2018The Washington Post\u2019, que revis\u00f3 los documentos de la demanda.<\/p>\n\n\n\n<p>Entre los casos que incluyen en el documento que introdujeron ante la corte de distrito de San Diego est\u00e1n el de un padre inmigrante con problemas de habla que no pudo responder claramente las preguntas de los agentes de la Oficina de Aduanas y Protecci\u00f3n Fronteriza (CBP) y por eso fue separado de su ni\u00f1o de 4 a\u00f1os; el de un inmigrante que perdi\u00f3 a su hija luego de que un funcionario de CBP lo acusara de no cambiarle el pa\u00f1al a la menor.<\/p>\n\n\n\n<p>ACLU denuncia que la pr\u00e1ctica sigue ocurriendo a pesar de que el 26 de junio de 2018 el juez de San Diego, Dan Sabraw, determin\u00f3 que las autoridades estadounidenses no pod\u00edan continuar separando familias que cruzaban la frontera ilegalmente.<\/p>\n\n\n\n<p>Univisi\u00f3n<\/p>\n","protected":false},"excerpt":{"rendered":"<p>Los casos de separaciones de ni\u00f1os de sus padres no han cesado. Hoy, abogados de Uni\u00f3n Americana de Libertades Civiles (ACLU) dijeron a un juez federal de California que el gobierno del presidente Donald Trump ha continuado con la pol\u00edtica y cerca de 1,000 ni\u00f1os migrantes m\u00e1s han resultado afectados, reporta el diario \u2018The Washington [&hellip;]<\/p>\n","protected":false},"author":2,"featured_media":139539,"comment_status":"closed","ping_status":"closed","sticky":false,"template":"","format":"standard","meta":{"footnotes":""},"categories":[8],"tags":[],"class_list":{"0":"post-139534","1":"post","2":"type-post","3":"status-publish","4":"format-standard","5":"has-post-thumbnail","7":"category-internacionales"},"_links":{"self":[{"href":"https:\/\/elluchador.info\/index.php?rest_route=\/wp\/v2\/posts\/139534","targetHints":{"allow":["GET"]}}],"collection":[{"href":"https:\/\/elluchador.info\/index.php?rest_route=\/wp\/v2\/posts"}],"about":[{"href":"https:\/\/elluchador.info\/index.php?rest_route=\/wp\/v2\/types\/post"}],"author":[{"embeddable":true,"href":"https:\/\/elluchador.info\/index.php?rest_route=\/wp\/v2\/users\/2"}],"replies":[{"embeddable":true,"href":"https:\/\/elluchador.info\/index.php?rest_route=%2Fwp%2Fv2%2Fcomments&post=139534"}],"version-history":[{"count":1,"href":"https:\/\/elluchador.info\/index.php?rest_route=\/wp\/v2\/posts\/139534\/revisions"}],"predecessor-version":[{"id":139540,"href":"https:\/\/elluchador.info\/index.php?rest_route=\/wp\/v2\/posts\/139534\/revisions\/139540"}],"wp:featuredmedia":[{"embeddable":true,"href":"https:\/\/elluchador.info\/index.php?rest_route=\/wp\/v2\/media\/139539"}],"wp:attachment":[{"href":"https:\/\/elluchador.info\/index.php?rest_route=%2Fwp%2Fv2%2Fmedia&parent=139534"}],"wp:term":[{"taxonomy":"category","embeddable":true,"href":"https:\/\/elluchador.info\/index.php?rest_route=%2Fwp%2Fv2%2Fcategories&post=139534"},{"taxonomy":"post_tag","embeddable":true,"href":"https:\/\/elluchador.info\/index.php?rest_route=%2Fwp%2Fv2%2Ftags&post=139534"}],"curies":[{"name":"wp","href":"https:\/\/api.w.org\/{rel}","templated":true}]}}