{"id":139561,"date":"2019-07-31T13:46:08","date_gmt":"2019-07-31T17:46:08","guid":{"rendered":"https:\/\/elluchador.info\/web\/?p=139561"},"modified":"2019-07-31T16:19:53","modified_gmt":"2019-07-31T20:19:53","slug":"gala-de-los-goya-se-celebrara-el-25-de-enero-en-malaga","status":"publish","type":"post","link":"https:\/\/elluchador.info\/?p=139561","title":{"rendered":"Gala de los Goya se celebrar\u00e1 el 25 de enero en M\u00e1laga"},"content":{"rendered":"\n<p>La edici\u00f3n de la Gala de los Premios Goya 2020 se celebrar\u00e1 en la localidad espa\u00f1ola M\u00e1laga el 25 de enero en el Palacio de los Deportes Jos\u00e9 Mar\u00eda Mart\u00edn Carpena, seg\u00fan se\u00f1al\u00f3 este martes el vicepresidente de la Academia de Cine de Espa\u00f1a Rafael Portela.<\/p>\n\n\n\n<p>Adelant\u00f3 que la lectura de las nominaciones de la edici\u00f3n de 2020 se realizar\u00e1 \u00abel 2 de diciembre\u00bb y que en esta gala habr\u00e1 \u00absorpresas y novedades\u00bb que posibilitar\u00e1n la ubicaci\u00f3n de la gala en estas instalaciones deportivas.<\/p>\n\n\n\n<p>Portela anunci\u00f3 que la intenci\u00f3n de la academia y del Ayuntamiento de M\u00e1laga es realizar una serie de \u00abactividades previas\u00bb sobre las pel\u00edculas nominadas y los actores candidatos en la ciudad para \u00abponer en contacto\u00bb con los malague\u00f1os esta \u00abgran noche\u00bb.<\/p>\n\n\n\n<p>Sobre la elecci\u00f3n de M\u00e1laga Portela ha justificado que es \u00abuna ciudad muy acogedora y de tradici\u00f3n cultural extraordinaria\u00bb, en referencia al Festival de Cine Espa\u00f1ol que ha ayudado a cultivar el \u00abamor\u00bb por este arte.<\/p>\n\n\n\n<p>Portela adelant\u00f3 que para la gala se espera \u00abuna cascada de cine espa\u00f1ol extraordinario\u00bb ya que muchas pel\u00edculas est\u00e1n resultando premiadas en festivales como Cannes y cuentan con importantes nominaciones para las citas cinematogr\u00e1ficas de \u00abVenecia y San Sebasti\u00e1n\u00bb.<\/p>\n\n\n\n<p>EFE<\/p>\n","protected":false},"excerpt":{"rendered":"<p>La edici\u00f3n de la Gala de los Premios Goya 2020 se celebrar\u00e1 en la localidad espa\u00f1ola M\u00e1laga el 25 de enero en el Palacio de los Deportes Jos\u00e9 Mar\u00eda Mart\u00edn Carpena, seg\u00fan se\u00f1al\u00f3 este martes el vicepresidente de la Academia de Cine de Espa\u00f1a Rafael Portela. Adelant\u00f3 que la lectura de las nominaciones de la [&hellip;]<\/p>\n","protected":false},"author":2,"featured_media":139563,"comment_status":"closed","ping_status":"closed","sticky":false,"template":"","format":"standard","meta":{"footnotes":""},"categories":[7],"tags":[],"class_list":{"0":"post-139561","1":"post","2":"type-post","3":"status-publish","4":"format-standard","5":"has-post-thumbnail","7":"category-entretenimiento"},"_links":{"self":[{"href":"https:\/\/elluchador.info\/index.php?rest_route=\/wp\/v2\/posts\/139561","targetHints":{"allow":["GET"]}}],"collection":[{"href":"https:\/\/elluchador.info\/index.php?rest_route=\/wp\/v2\/posts"}],"about":[{"href":"https:\/\/elluchador.info\/index.php?rest_route=\/wp\/v2\/types\/post"}],"author":[{"embeddable":true,"href":"https:\/\/elluchador.info\/index.php?rest_route=\/wp\/v2\/users\/2"}],"replies":[{"embeddable":true,"href":"https:\/\/elluchador.info\/index.php?rest_route=%2Fwp%2Fv2%2Fcomments&post=139561"}],"version-history":[{"count":2,"href":"https:\/\/elluchador.info\/index.php?rest_route=\/wp\/v2\/posts\/139561\/revisions"}],"predecessor-version":[{"id":139566,"href":"https:\/\/elluchador.info\/index.php?rest_route=\/wp\/v2\/posts\/139561\/revisions\/139566"}],"wp:featuredmedia":[{"embeddable":true,"href":"https:\/\/elluchador.info\/index.php?rest_route=\/wp\/v2\/media\/139563"}],"wp:attachment":[{"href":"https:\/\/elluchador.info\/index.php?rest_route=%2Fwp%2Fv2%2Fmedia&parent=139561"}],"wp:term":[{"taxonomy":"category","embeddable":true,"href":"https:\/\/elluchador.info\/index.php?rest_route=%2Fwp%2Fv2%2Fcategories&post=139561"},{"taxonomy":"post_tag","embeddable":true,"href":"https:\/\/elluchador.info\/index.php?rest_route=%2Fwp%2Fv2%2Ftags&post=139561"}],"curies":[{"name":"wp","href":"https:\/\/api.w.org\/{rel}","templated":true}]}}