{"id":139638,"date":"2019-08-01T11:12:40","date_gmt":"2019-08-01T15:12:40","guid":{"rendered":"https:\/\/elluchador.info\/web\/?p=139638"},"modified":"2019-08-01T11:12:44","modified_gmt":"2019-08-01T15:12:44","slug":"entra-en-vigor-la-prohibicion-del-burka-en-holanda-con-resistencia-general","status":"publish","type":"post","link":"https:\/\/elluchador.info\/?p=139638","title":{"rendered":"Entra en vigor la prohibici\u00f3n del burka en Holanda con resistencia general"},"content":{"rendered":"\n<p>La prohibici\u00f3n del uso de prendas que cubren el rostro en los espacios p\u00fablicos de Holanda entr\u00f3 en vigor este jueves en medio de la negativa de las autoridades a exigir su cumplimiento, lo que hace temer el fracaso de una ley dise\u00f1ada para unas 200 mujeres que, se calcula, llevan burka en el pa\u00eds.<\/p>\n\n\n\n<p><strong>La ley est\u00e1 dirigida a las que utilizan prendas islamistas como el burka (velo integral que cubre toda la cara, con una rejilla a la altura de los ojos) y el niqab (solo deja a la vista los ojos), pero tambi\u00e9n a quienes utilicen un casco integral o alguna variante de pasamonta\u00f1as, algo bastante habitual en las \u00e9pocas de bajas temperaturas.<\/strong><\/p>\n\n\n\n<p>La prohibici\u00f3n parcial -y no total, pues no incluye la calle- afecta a hospitales, escuelas, transporte (trenes, autobuses y tranv\u00edas) y edificios p\u00fablicos como ayuntamientos, comisar\u00edas, ministerios o algunos museos de control estatal.<\/p>\n\n\n\n<p><strong>En declaraciones a Efe, el vicepresidente del Consejo Nacional de Mezquitas Marroqu\u00edes, Said Bouharrou, entiende que \u00absea extra\u00f1o ver a una mujer caminando con un niqab negro, que puede incluso asustar a los ni\u00f1os\u00bb, pero asegura que este \u00abdebe ser un tema de debate social en el que no cabe esta soluci\u00f3n del Gobierno a un problema que no existe\u00bb en Holanda.<\/strong><\/p>\n\n\n\n<p>\u00abEsta prohibici\u00f3n crear\u00e1 m\u00e1s da\u00f1os que soluciones y una menor cohesi\u00f3n social. Va a ser contraproducente y dar\u00e1 lugar a situaciones idiotas en las que defensores y opositores se enfrenten. El gobierno debe dedicarse a temas m\u00e1s importantes, en lugar de regular el comportamiento de 200 mujeres con una ley general\u00bb, lamenta.<\/p>\n\n\n\n<p>En el barrio multicultural Schilderwijk, en La Haya, un grupo de cinco mujeres musulmanas se declaran contrarias al uso de la prenda islamista que oculta la cara, pero, en una conversaci\u00f3n con Efe, coinciden en condenar la prohibici\u00f3n porque consideran que tiene \u00abuna base racista que tiene como blanco a la comunidad musulmana\u00bb.<\/p>\n\n\n\n<p>En uno de los mercados m\u00e1s conocidos de la capital pol\u00edtica de Holanda, Ibrahim, quien regenta un puesto donde tambi\u00e9n tiene prendas como el velo (que solo cubre el pelo y por tanto no est\u00e1 incluido en esta prohibici\u00f3n) y el niqab, no teme una reducci\u00f3n en las ventas porque conf\u00eda en que \u00ablas mujeres no ceder\u00e1n\u00bb ante esta ley y \u00abse aferrar\u00e1n a su religi\u00f3n, a pesar de las amenazas\u00bb de ser multadas.<\/p>\n\n\n\n<p>A modo de ejemplo, las \u00abmunaqabas\u00bb, como se conoce a las usuarias del niqab, podr\u00edan estar dentro de una estaci\u00f3n y esperando en la plataforma con la cara oculta, pero para acceder al interior del autob\u00fas o el tren est\u00e1n obligadas a mostrar su rostro para que se les pueda identificar.<\/p>\n\n\n\n<p>A las que no quieran hacer papeleos en un edificio gubernamental, se les recomienda la opci\u00f3n de hacerlo online.<\/p>\n\n\n\n<p>El incumplimiento de la norma conlleva una multa de 150 euros y un conductor de autob\u00fas tiene el derecho -no la obligaci\u00f3n- de informar al pasajero de esta prohibici\u00f3n, pero ni \u00e9l ni la seguridad del lugar est\u00e1n autorizados a multar a la persona involucrada, un poder solo en manos de la Polic\u00eda, que tendr\u00e1 que acudir al lugar para identificar a la mujer o el hombre.<\/p>\n\n\n\n<p>\u00abLo que pedimos es no culpar al conductor, que est\u00e1 ah\u00ed para conducir, no para aplicar la ley. Eso es tarea de la Polic\u00eda. Si hay un incidente, ni la compa\u00f1\u00eda ni el conductor son los responsables\u00bb, advierte a Efe Arjan Vaandrager, en nombre de las grandes compa\u00f1\u00edas de transporte p\u00fablico de Holanda.<\/p>\n\n\n\n<p>EFE<br><\/p>\n","protected":false},"excerpt":{"rendered":"<p>La prohibici\u00f3n del uso de prendas que cubren el rostro en los espacios p\u00fablicos de Holanda entr\u00f3 en vigor este jueves en medio de la negativa de las autoridades a exigir su cumplimiento, lo que hace temer el fracaso de una ley dise\u00f1ada para unas 200 mujeres que, se calcula, llevan burka en el pa\u00eds. [&hellip;]<\/p>\n","protected":false},"author":2,"featured_media":139644,"comment_status":"closed","ping_status":"closed","sticky":false,"template":"","format":"standard","meta":{"footnotes":""},"categories":[8],"tags":[],"class_list":{"0":"post-139638","1":"post","2":"type-post","3":"status-publish","4":"format-standard","5":"has-post-thumbnail","7":"category-internacionales"},"_links":{"self":[{"href":"https:\/\/elluchador.info\/index.php?rest_route=\/wp\/v2\/posts\/139638","targetHints":{"allow":["GET"]}}],"collection":[{"href":"https:\/\/elluchador.info\/index.php?rest_route=\/wp\/v2\/posts"}],"about":[{"href":"https:\/\/elluchador.info\/index.php?rest_route=\/wp\/v2\/types\/post"}],"author":[{"embeddable":true,"href":"https:\/\/elluchador.info\/index.php?rest_route=\/wp\/v2\/users\/2"}],"replies":[{"embeddable":true,"href":"https:\/\/elluchador.info\/index.php?rest_route=%2Fwp%2Fv2%2Fcomments&post=139638"}],"version-history":[{"count":1,"href":"https:\/\/elluchador.info\/index.php?rest_route=\/wp\/v2\/posts\/139638\/revisions"}],"predecessor-version":[{"id":139645,"href":"https:\/\/elluchador.info\/index.php?rest_route=\/wp\/v2\/posts\/139638\/revisions\/139645"}],"wp:featuredmedia":[{"embeddable":true,"href":"https:\/\/elluchador.info\/index.php?rest_route=\/wp\/v2\/media\/139644"}],"wp:attachment":[{"href":"https:\/\/elluchador.info\/index.php?rest_route=%2Fwp%2Fv2%2Fmedia&parent=139638"}],"wp:term":[{"taxonomy":"category","embeddable":true,"href":"https:\/\/elluchador.info\/index.php?rest_route=%2Fwp%2Fv2%2Fcategories&post=139638"},{"taxonomy":"post_tag","embeddable":true,"href":"https:\/\/elluchador.info\/index.php?rest_route=%2Fwp%2Fv2%2Ftags&post=139638"}],"curies":[{"name":"wp","href":"https:\/\/api.w.org\/{rel}","templated":true}]}}