{"id":139674,"date":"2019-08-01T18:43:51","date_gmt":"2019-08-01T22:43:51","guid":{"rendered":"https:\/\/elluchador.info\/web\/?p=139674"},"modified":"2019-08-02T11:58:43","modified_gmt":"2019-08-02T15:58:43","slug":"brasil-afirmo-respaldo-a-paraguay-ante-crisis-por-pacto-energetico","status":"publish","type":"post","link":"https:\/\/elluchador.info\/?p=139674","title":{"rendered":"Brasil afirm\u00f3 respaldo a Paraguay ante crisis por pacto energ\u00e9tico"},"content":{"rendered":"\n<p>El Gobierno brasile\u00f1o afirm\u00f3 este jueves que el presidente de Paraguay, Mario Abdo Ben\u00edtez, quien afronta una grave crisis pol\u00edtica a ra\u00edz de un acuerdo energ\u00e9tico firmado con Brasil, re\u00fane \u00abtodas las condiciones\u00bb para \u00abcontinuar conduciendo\u00bb el proyecto de desarrollo de su pa\u00eds.<\/p>\n\n\n\n<p>\u00abEl desarrollo de Paraguay y su participaci\u00f3n activa como valioso miembro del Mercosur y de la comunidad hemisf\u00e9rica es de enorme inter\u00e9s para Brasil, el Gobierno brasile\u00f1o est\u00e1 convencido de que el presidente Mario Abdo (Ben\u00edtez) re\u00fane todas las condiciones para continuar conduciendo ese proyecto\u00bb, dijo la Canciller\u00eda brasile\u00f1a en un comunicado.<\/p>\n\n\n\n<p>La declaraci\u00f3n de la Canciller\u00eda tuvo lugar mientras en Asunci\u00f3n se informaba la anulaci\u00f3n del pacto.<\/p>\n\n\n\n<p>En el pol\u00e9mico acuerdo, firmado en mayo pasado pero solo hecho p\u00fablico la semana pasada, se defini\u00f3 la contrataci\u00f3n anual de distribuci\u00f3n de la energ\u00eda de la hidroel\u00e9ctrica de Itaip\u00fa, segunda mayor del mundo y compartida por Paraguay y Brasil.<\/p>\n\n\n\n<p>La oposici\u00f3n paraguaya ha acusado al Gobierno de Abdo Ben\u00edtez de \u00absecretismo\u00bb y de entregar la soberan\u00eda a Brasil, y ha impulsado en el Congreso un juicio pol\u00edtico contra el mandatario.<\/p>\n\n\n\n<p>El Ejecutivo brasile\u00f1o expres\u00f3, por su parte, que acompa\u00f1a \u00abcon gran atenci\u00f3n\u00bb el \u00abproceso\u00bb contra Abdo Ben\u00edtez y conf\u00eda en que este \u00absea conducido\u00bb sin \u00abruptura del orden democr\u00e1tico\u00bb y \u00abrespetando los compromisos\u00bb asumidos en el Mercosur, bloque que integran Argentina, Brasil, Paraguay y Uruguay.<\/p>\n\n\n\n<p>Asimismo, destac\u00f3 el \u00abexcelente nivel\u00bb de la relaci\u00f3n entre ambos pa\u00edses, con la puesta en marcha de \u00abiniciativas de gran impacto positivo para Paraguay\u00bb en materia \u00abecon\u00f3mica, de integraci\u00f3n f\u00edsica y de seguridad p\u00fablica\u00bb.<\/p>\n\n\n\n<p>En este sentido, espera que la cooperaci\u00f3n con el mandatario paraguayo \u00abpueda proseguir\u00bb para la \u00abimplementaci\u00f3n en beneficio mutuo de los compromisos de los dos pa\u00edses\u00bb en el Tratado de Itaip\u00fa.<\/p>\n\n\n\n<p>\u00abEsa mejora sin precedentes en la relaci\u00f3n Brasil-Paraguay se debe, m\u00e1s que a cualquier otro factor, a la excelente relaci\u00f3n personal entre los presidentes Mario Abdo (Ben\u00edtez) y Jair Bolsonaro\u00bb y \u00aba la determinaci\u00f3n de ambos de actuar, de manera conjunta, en beneficio de sus pueblos\u00bb, a\u00f1adi\u00f3 la nota.<\/p>\n\n\n\n<p>De acuerdo con la Canciller\u00eda de Brasil, existe una \u00abconvergencia de valores\u00bb en los Gobiernos de ambas naciones, sobre todo en lo que se refiere a \u00abla promoci\u00f3n de la democracia en la regi\u00f3n y a la protecci\u00f3n de los derechos de la familia\u00bb.<\/p>\n\n\n\n<p>La crisis pol\u00edtica en Paraguay por el acuerdo considerado perjudicial para el pa\u00eds se agudiz\u00f3 este mi\u00e9rcoles con informaciones que salpican en las cuestionadas negociaciones al vicepresidente, Hugo Vel\u00e1zquez, y con la dimisi\u00f3n del quinto miembro del gabinete en lo que va de la semana.<\/p>\n\n\n\n<p>A ello se sum\u00f3 el anuncio del Partido Liberal, el mayor de la oposici\u00f3n, de que impulsar\u00e1 en el Congreso un juicio pol\u00edtico contra Abdo Ben\u00edtez y contra Vel\u00e1zquez, ambos del Partido Colorado.<\/p>\n\n\n\n<p>Seg\u00fan la oposici\u00f3n paraguaya, el acuerdo que termin\u00f3 beneficiando a empresas brasile\u00f1as en la distribuci\u00f3n de energ\u00eda fue negociado por representantes de la Canciller\u00eda paraguaya que apartaron de las conversaciones a los t\u00e9cnicos de los reguladores de energ\u00eda en Paraguay. EFE<\/p>\n","protected":false},"excerpt":{"rendered":"<p>El Gobierno brasile\u00f1o afirm\u00f3 este jueves que el presidente de Paraguay, Mario Abdo Ben\u00edtez, quien afronta una grave crisis pol\u00edtica a ra\u00edz de un acuerdo energ\u00e9tico firmado con Brasil, re\u00fane \u00abtodas las condiciones\u00bb para \u00abcontinuar conduciendo\u00bb el proyecto de desarrollo de su pa\u00eds. \u00abEl desarrollo de Paraguay y su participaci\u00f3n activa como valioso miembro del [&hellip;]<\/p>\n","protected":false},"author":2,"featured_media":139676,"comment_status":"closed","ping_status":"closed","sticky":false,"template":"","format":"standard","meta":{"footnotes":""},"categories":[5,8],"tags":[],"class_list":{"0":"post-139674","1":"post","2":"type-post","3":"status-publish","4":"format-standard","5":"has-post-thumbnail","7":"category-destacado","8":"category-internacionales"},"_links":{"self":[{"href":"https:\/\/elluchador.info\/index.php?rest_route=\/wp\/v2\/posts\/139674","targetHints":{"allow":["GET"]}}],"collection":[{"href":"https:\/\/elluchador.info\/index.php?rest_route=\/wp\/v2\/posts"}],"about":[{"href":"https:\/\/elluchador.info\/index.php?rest_route=\/wp\/v2\/types\/post"}],"author":[{"embeddable":true,"href":"https:\/\/elluchador.info\/index.php?rest_route=\/wp\/v2\/users\/2"}],"replies":[{"embeddable":true,"href":"https:\/\/elluchador.info\/index.php?rest_route=%2Fwp%2Fv2%2Fcomments&post=139674"}],"version-history":[{"count":1,"href":"https:\/\/elluchador.info\/index.php?rest_route=\/wp\/v2\/posts\/139674\/revisions"}],"predecessor-version":[{"id":139677,"href":"https:\/\/elluchador.info\/index.php?rest_route=\/wp\/v2\/posts\/139674\/revisions\/139677"}],"wp:featuredmedia":[{"embeddable":true,"href":"https:\/\/elluchador.info\/index.php?rest_route=\/wp\/v2\/media\/139676"}],"wp:attachment":[{"href":"https:\/\/elluchador.info\/index.php?rest_route=%2Fwp%2Fv2%2Fmedia&parent=139674"}],"wp:term":[{"taxonomy":"category","embeddable":true,"href":"https:\/\/elluchador.info\/index.php?rest_route=%2Fwp%2Fv2%2Fcategories&post=139674"},{"taxonomy":"post_tag","embeddable":true,"href":"https:\/\/elluchador.info\/index.php?rest_route=%2Fwp%2Fv2%2Ftags&post=139674"}],"curies":[{"name":"wp","href":"https:\/\/api.w.org\/{rel}","templated":true}]}}