{"id":139745,"date":"2019-08-02T12:02:35","date_gmt":"2019-08-02T16:02:35","guid":{"rendered":"https:\/\/elluchador.info\/web\/?p=139745"},"modified":"2019-08-02T12:02:38","modified_gmt":"2019-08-02T16:02:38","slug":"lopez-obrador-ordeno-investigar-muerte-de-migrante-hondureno","status":"publish","type":"post","link":"https:\/\/elluchador.info\/?p=139745","title":{"rendered":"L\u00f3pez Obrador orden\u00f3 investigar muerte de migrante hondure\u00f1o"},"content":{"rendered":"\n<p>El presidente Andr\u00e9s Manuel L\u00f3pez Obrador lament\u00f3 el asesinato de un migrante hondure\u00f1o en Saltillo y asegur\u00f3 que orden\u00f3 una investigaci\u00f3n sobre lo sucedido.<\/p>\n\n\n\n<p>\u00ab<strong>Se lamenta mucho el asesinato de un migrante hondure\u00f1o en Saltillo, hoy en la ma\u00f1ana recib\u00ed la informaci\u00f3n de lo que sucedi\u00f3. Es un asunto vinculado con la pol\u00edtica de Coahuila, ellos reconocen que en un operativo asesinaron lamentablemente a un migrante hondure\u00f1o<\/strong>\u00ab, asegur\u00f3.<\/p>\n\n\n\n<p>El mi\u00e9rcoles por la noche, agentes estatales dispararon contra un grupo de migrantes, inclu\u00eddas mujeres y ni\u00f1os, que hab\u00eda salido de la Casa del Migrante Saltillo alrededor de las 7 p.m. El ataque dej\u00f3 un hombre de origen hondure\u00f1o muerto.<\/p>\n\n\n\n<p>La Fiscal\u00eda aleg\u00f3 una confusi\u00f3n de los polic\u00edas al perseguir narcomenudistas, lo que tambi\u00e9n fue rebatido por testigos de la tragedia que acusaron a los agentes de \u00abtirar a matar\u00bb.<\/p>\n\n\n\n<p>A las 3:15 horas de ayer, la Fiscal\u00eda emiti\u00f3 un comunicado en que asegur\u00f3 que polic\u00edas de su \u00e1rea de Investigaci\u00f3n criminal se encontraron con los migrantes.<\/p>\n\n\n\n<p>Entonces, uno de ellos los insult\u00f3, sac\u00f3 de su ropa una pistola escuadra y les dispar\u00f3, tras lo cual, fue abatido.<\/p>\n\n\n\n<p>Ante todas estas versiones, L\u00f3pez Obrador dijo que orden\u00f3 que se inicie una investigaci\u00f3n por este hecho y recalc\u00f3 que su Gobierno es respetuoso con los derechos humanos.<\/p>\n\n\n\n<p>\u201cNo somos represores\u00bb, dijo.<\/p>\n\n\n\n<p>Inform\u00f3 que la Fiscal\u00eda de Coahuila tambi\u00e9n trabaja en la investigaci\u00f3n.<\/p>\n\n\n\n<p>EFE&nbsp;<\/p>\n","protected":false},"excerpt":{"rendered":"<p>El presidente Andr\u00e9s Manuel L\u00f3pez Obrador lament\u00f3 el asesinato de un migrante hondure\u00f1o en Saltillo y asegur\u00f3 que orden\u00f3 una investigaci\u00f3n sobre lo sucedido. \u00abSe lamenta mucho el asesinato de un migrante hondure\u00f1o en Saltillo, hoy en la ma\u00f1ana recib\u00ed la informaci\u00f3n de lo que sucedi\u00f3. Es un asunto vinculado con la pol\u00edtica de Coahuila, [&hellip;]<\/p>\n","protected":false},"author":2,"featured_media":139746,"comment_status":"closed","ping_status":"closed","sticky":false,"template":"","format":"standard","meta":{"footnotes":""},"categories":[8],"tags":[],"class_list":{"0":"post-139745","1":"post","2":"type-post","3":"status-publish","4":"format-standard","5":"has-post-thumbnail","7":"category-internacionales"},"_links":{"self":[{"href":"https:\/\/elluchador.info\/index.php?rest_route=\/wp\/v2\/posts\/139745","targetHints":{"allow":["GET"]}}],"collection":[{"href":"https:\/\/elluchador.info\/index.php?rest_route=\/wp\/v2\/posts"}],"about":[{"href":"https:\/\/elluchador.info\/index.php?rest_route=\/wp\/v2\/types\/post"}],"author":[{"embeddable":true,"href":"https:\/\/elluchador.info\/index.php?rest_route=\/wp\/v2\/users\/2"}],"replies":[{"embeddable":true,"href":"https:\/\/elluchador.info\/index.php?rest_route=%2Fwp%2Fv2%2Fcomments&post=139745"}],"version-history":[{"count":1,"href":"https:\/\/elluchador.info\/index.php?rest_route=\/wp\/v2\/posts\/139745\/revisions"}],"predecessor-version":[{"id":139747,"href":"https:\/\/elluchador.info\/index.php?rest_route=\/wp\/v2\/posts\/139745\/revisions\/139747"}],"wp:featuredmedia":[{"embeddable":true,"href":"https:\/\/elluchador.info\/index.php?rest_route=\/wp\/v2\/media\/139746"}],"wp:attachment":[{"href":"https:\/\/elluchador.info\/index.php?rest_route=%2Fwp%2Fv2%2Fmedia&parent=139745"}],"wp:term":[{"taxonomy":"category","embeddable":true,"href":"https:\/\/elluchador.info\/index.php?rest_route=%2Fwp%2Fv2%2Fcategories&post=139745"},{"taxonomy":"post_tag","embeddable":true,"href":"https:\/\/elluchador.info\/index.php?rest_route=%2Fwp%2Fv2%2Ftags&post=139745"}],"curies":[{"name":"wp","href":"https:\/\/api.w.org\/{rel}","templated":true}]}}