{"id":139762,"date":"2019-08-02T12:22:07","date_gmt":"2019-08-02T16:22:07","guid":{"rendered":"https:\/\/elluchador.info\/web\/?p=139762"},"modified":"2019-08-02T12:22:51","modified_gmt":"2019-08-02T16:22:51","slug":"conmemoran-82-aniversario-de-la-gnb-en-el-estado-bolivar","status":"publish","type":"post","link":"https:\/\/elluchador.info\/?p=139762","title":{"rendered":"Conmemoran  82\u00b0 aniversario de la GNB en el estado Bol\u00edvar"},"content":{"rendered":"\n<p>Con la izada de la bandera en la plaza Bol\u00edvar y una misa celebrada en la Catedral de Ciudad Bol\u00edvar, iniciaron los actos conmemorativos al 82\u00b0 aniversario de la Guardia Nacional Bolivariana en el estado Bol\u00edvar.<\/p>\n\n\n\n<p>El acto  presidido por el Comandante de la Regi\u00f3n de Defensa Integral Guayana Almirante William Miguel Serantes Pinto, el Comandante de la Zona de Defensa Integral GD Humberto N\u00fa\u00f1ez, el Comandante de Zona N\u00b0 62 GB Alirio Cruz Ortega y autoridades regionales se llev\u00f3 a cabo en la plaza Bol\u00edvar.<\/p>\n\n\n\n<p>Durante su discurso el GB Cruz Ortega comandante de la Zona N\u00b0 62 en la entidad reafirm\u00f3 las tareas encomendadas por el Comandante Supremo Hugo Ch\u00e1vez Fr\u00edas, cuando en el a\u00f1o 1.999 le dio rango constitucional a la Guardia Nacional Bolivariana consolid\u00e1ndola como un componente de la unida y monol\u00edtica Fuerza Armada Nacional Bolivariana para conducir las operaciones y el orden interno de nuestro pa\u00eds. <\/p>\n\n\n\n<p>Asimismo recalc\u00f3 la demostraci\u00f3n de firmeza, gallard\u00eda y compromiso tanto del pueblo venezolano como de los centinelas de la patria para garantizar la voluntad de paz y respeto. <\/p>\n\n\n\n<p>\u201cNuestra instituci\u00f3n est\u00e1 de tal manera integrada al pueblo, que para el com\u00fan de la ciudadan\u00eda todo lo que camina, viste y respira dentro de un uniforme verde por las calles, ciudades y aldehuelas de nuestro pa\u00eds, es un Guardia Nacional\u201d, puntualiz\u00f3 el General de Brigada Alirio Cruz Ortega Comandante de la Zona N\u00b0 62 del estado Bol\u00edvar.<\/p>\n\n\n\n<p>Prensa CZ N\u00b0 62Bolivar<\/p>\n","protected":false},"excerpt":{"rendered":"<p>Con la izada de la bandera en la plaza Bol\u00edvar y una misa celebrada en la Catedral de Ciudad Bol\u00edvar, iniciaron los actos conmemorativos al 82\u00b0 aniversario de la Guardia Nacional Bolivariana en el estado Bol\u00edvar. El acto presidido por el Comandante de la Regi\u00f3n de Defensa Integral Guayana Almirante William Miguel Serantes Pinto, el [&hellip;]<\/p>\n","protected":false},"author":2,"featured_media":139765,"comment_status":"closed","ping_status":"closed","sticky":false,"template":"","format":"standard","meta":{"footnotes":""},"categories":[12],"tags":[],"class_list":{"0":"post-139762","1":"post","2":"type-post","3":"status-publish","4":"format-standard","5":"has-post-thumbnail","7":"category-regionales"},"_links":{"self":[{"href":"https:\/\/elluchador.info\/index.php?rest_route=\/wp\/v2\/posts\/139762","targetHints":{"allow":["GET"]}}],"collection":[{"href":"https:\/\/elluchador.info\/index.php?rest_route=\/wp\/v2\/posts"}],"about":[{"href":"https:\/\/elluchador.info\/index.php?rest_route=\/wp\/v2\/types\/post"}],"author":[{"embeddable":true,"href":"https:\/\/elluchador.info\/index.php?rest_route=\/wp\/v2\/users\/2"}],"replies":[{"embeddable":true,"href":"https:\/\/elluchador.info\/index.php?rest_route=%2Fwp%2Fv2%2Fcomments&post=139762"}],"version-history":[{"count":1,"href":"https:\/\/elluchador.info\/index.php?rest_route=\/wp\/v2\/posts\/139762\/revisions"}],"predecessor-version":[{"id":139766,"href":"https:\/\/elluchador.info\/index.php?rest_route=\/wp\/v2\/posts\/139762\/revisions\/139766"}],"wp:featuredmedia":[{"embeddable":true,"href":"https:\/\/elluchador.info\/index.php?rest_route=\/wp\/v2\/media\/139765"}],"wp:attachment":[{"href":"https:\/\/elluchador.info\/index.php?rest_route=%2Fwp%2Fv2%2Fmedia&parent=139762"}],"wp:term":[{"taxonomy":"category","embeddable":true,"href":"https:\/\/elluchador.info\/index.php?rest_route=%2Fwp%2Fv2%2Fcategories&post=139762"},{"taxonomy":"post_tag","embeddable":true,"href":"https:\/\/elluchador.info\/index.php?rest_route=%2Fwp%2Fv2%2Ftags&post=139762"}],"curies":[{"name":"wp","href":"https:\/\/api.w.org\/{rel}","templated":true}]}}