{"id":139769,"date":"2019-08-02T12:31:20","date_gmt":"2019-08-02T16:31:20","guid":{"rendered":"https:\/\/elluchador.info\/web\/?p=139769"},"modified":"2019-08-02T12:31:25","modified_gmt":"2019-08-02T16:31:25","slug":"alcalde-sergio-hernandez-realza-labor-de-glorioso-componente-militar","status":"publish","type":"post","link":"https:\/\/elluchador.info\/?p=139769","title":{"rendered":"Alcalde Sergio Hern\u00e1ndez realza labor de glorioso componente militar"},"content":{"rendered":"\n<p>A prop\u00f3sito de iniciar el mes en honor a la Guardia Nacional Bolivariana, con un esp\u00edritu de lucha por el pueblo venezolano, el cuadril\u00e1tero hist\u00f3rico de Ciudad Bol\u00edvar fue el escenario propicio para conmemorar el octog\u00e9simo segundo aniversario de tan glorioso componente de la Fuerza Armada Nacional Bolivariana.<\/p>\n\n\n\n<p>Desde la\nizada del pabell\u00f3n patrio, el alcalde de la ciudad, Sergio Hern\u00e1ndez, p\u00fablico\nen su cuenta oficial @comandosergioh de la red social Twitter, honores a tan\nnoble instituci\u00f3n, de quienes \u201cel honor es su divisa\u201d, adem\u00e1s de reconocer el\nvalor e hidalgu\u00eda hist\u00f3rica de la gloriosa Guardia Nacional Bolivariana.<\/p>\n\n\n\n<p>\u201cComo una sola familia\niniciamos actos conmemorativos en el marco del d\u00eda de la Guardia Nacional Bolivariana\u201d\npara luego continuar con un encuentro lit\u00fargico, en acci\u00f3n de gracias por\ncelebrar el 82 aniversario de haber sido creada la GNB, al final, el acto\ncentral, cargado de patriotismo y lealtad al pueblo, en medio de condecoraciones\ny reconocimientos.<\/p>\n\n\n\n<p>En tal\nsentido es necesario recordar que la GNB es un componente de la FANB, que sirve\nde manera directa a la ciudadan\u00eda, vaya merecido reconocimiento, debido que el\npr\u00f3ximo 04\nde Agosto cumple 82 a\u00f1os de haber sido creada <strong>mediante<\/strong>\nDecreto Presidencial N\u00ba 19.330 del a\u00f1o 1937.<\/p>\n\n\n\n<p>A partir de la \u00e9poca la GN adquiere operatividad en todo el territorio nacional, con efectivas acciones asignadas, como; mantener el orden p\u00fablico y resguardo de las fronteras venezolanas, ratificadas cuando se le dio un rango constitucional en el a\u00f1o de 1999, como\u00a0<strong>Guardia Nacional Bolivariana<\/strong>.<\/p>\n\n\n\n<p><strong>Prensa Alcald\u00eda de Heres\/CNP 24375<\/strong><\/p>\n","protected":false},"excerpt":{"rendered":"<p>A prop\u00f3sito de iniciar el mes en honor a la Guardia Nacional Bolivariana, con un esp\u00edritu de lucha por el pueblo venezolano, el cuadril\u00e1tero hist\u00f3rico de Ciudad Bol\u00edvar fue el escenario propicio para conmemorar el octog\u00e9simo segundo aniversario de tan glorioso componente de la Fuerza Armada Nacional Bolivariana. Desde la izada del pabell\u00f3n patrio, el [&hellip;]<\/p>\n","protected":false},"author":2,"featured_media":139764,"comment_status":"closed","ping_status":"closed","sticky":false,"template":"","format":"standard","meta":{"footnotes":""},"categories":[20,12],"tags":[],"class_list":{"0":"post-139769","1":"post","2":"type-post","3":"status-publish","4":"format-standard","5":"has-post-thumbnail","7":"category-municipal","8":"category-regionales"},"_links":{"self":[{"href":"https:\/\/elluchador.info\/index.php?rest_route=\/wp\/v2\/posts\/139769","targetHints":{"allow":["GET"]}}],"collection":[{"href":"https:\/\/elluchador.info\/index.php?rest_route=\/wp\/v2\/posts"}],"about":[{"href":"https:\/\/elluchador.info\/index.php?rest_route=\/wp\/v2\/types\/post"}],"author":[{"embeddable":true,"href":"https:\/\/elluchador.info\/index.php?rest_route=\/wp\/v2\/users\/2"}],"replies":[{"embeddable":true,"href":"https:\/\/elluchador.info\/index.php?rest_route=%2Fwp%2Fv2%2Fcomments&post=139769"}],"version-history":[{"count":1,"href":"https:\/\/elluchador.info\/index.php?rest_route=\/wp\/v2\/posts\/139769\/revisions"}],"predecessor-version":[{"id":139770,"href":"https:\/\/elluchador.info\/index.php?rest_route=\/wp\/v2\/posts\/139769\/revisions\/139770"}],"wp:featuredmedia":[{"embeddable":true,"href":"https:\/\/elluchador.info\/index.php?rest_route=\/wp\/v2\/media\/139764"}],"wp:attachment":[{"href":"https:\/\/elluchador.info\/index.php?rest_route=%2Fwp%2Fv2%2Fmedia&parent=139769"}],"wp:term":[{"taxonomy":"category","embeddable":true,"href":"https:\/\/elluchador.info\/index.php?rest_route=%2Fwp%2Fv2%2Fcategories&post=139769"},{"taxonomy":"post_tag","embeddable":true,"href":"https:\/\/elluchador.info\/index.php?rest_route=%2Fwp%2Fv2%2Ftags&post=139769"}],"curies":[{"name":"wp","href":"https:\/\/api.w.org\/{rel}","templated":true}]}}