{"id":139776,"date":"2019-08-02T12:42:55","date_gmt":"2019-08-02T16:42:55","guid":{"rendered":"https:\/\/elluchador.info\/web\/?p=139776"},"modified":"2019-08-02T12:43:12","modified_gmt":"2019-08-02T16:43:12","slug":"guaido-vamos-a-rescatar-la-industria-productiva-del-pais","status":"publish","type":"post","link":"https:\/\/elluchador.info\/?p=139776","title":{"rendered":"Guaid\u00f3: Vamos a rescatar la industria productiva del pa\u00eds"},"content":{"rendered":"\n<p>El presidente de la Asamblea Nacional (AN),&nbsp;<strong>Juan Guaid\u00f3<\/strong>, lleg\u00f3 este viernes a San Juan de los Morros, capital del estado Gu\u00e1rico, para compartir detalles de la ruta que adelanta la oposici\u00f3n venezolana desde el parlamento nacional para superar la crisis del pa\u00eds.<\/p>\n\n\n\n<p>Durante el recorrido, Guaid\u00f3 fue consultado sobre las declaraciones del presidente de Estados Unidos Donald Trump en las que afirm\u00f3 que considera \u00abun bloqueo o cuarentena sobre Venezuela\u00bb.<\/p>\n\n\n\n<p>\u00abEs la informaci\u00f3n de una respuesta a una pregunta que le hizo un periodista, estamos en conversaciones como siempre con todos nuestros aliados\u00bb, dijo Guaid\u00f3.<\/p>\n\n\n\n<p>El jefe del parlamento agradeci\u00f3 una vez m\u00e1s el apoyo de la comunidad internacional para superar la crisis.<\/p>\n\n\n\n<p>Resalt\u00f3 la necesidad de rescatar la producci\u00f3n agr\u00edcola e incentivar a los productores a seguir trabajando por el pa\u00eds.<\/p>\n\n\n\n<p><strong>\u00abVamos a recuperar no solamente el campo, sino la industria productiva y las v\u00edas de comunicaci\u00f3n; a esos campesinos y productores agropecuarios, vamos a lograr rescatar a nuestro pa\u00eds\u00bb<\/strong>, agreg\u00f3.<\/p>\n\n\n\n<p>A su llegada a la entidad llanera, Guaid\u00f3 visit\u00f3 zonas adyacentes al mercado municipal de San Juan.<\/p>\n\n\n\n<p>Antes de culminar con su recorrido, se pronunci\u00f3 ante los habitantes desde la avenida Bol\u00edvar.<\/p>\n\n\n\n<p>\n\nUni\u00f3n Radio\n\n<\/p>\n","protected":false},"excerpt":{"rendered":"<p>El presidente de la Asamblea Nacional (AN),&nbsp;Juan Guaid\u00f3, lleg\u00f3 este viernes a San Juan de los Morros, capital del estado Gu\u00e1rico, para compartir detalles de la ruta que adelanta la oposici\u00f3n venezolana desde el parlamento nacional para superar la crisis del pa\u00eds. Durante el recorrido, Guaid\u00f3 fue consultado sobre las declaraciones del presidente de Estados [&hellip;]<\/p>\n","protected":false},"author":2,"featured_media":139777,"comment_status":"closed","ping_status":"closed","sticky":false,"template":"","format":"standard","meta":{"footnotes":""},"categories":[5,9],"tags":[],"class_list":{"0":"post-139776","1":"post","2":"type-post","3":"status-publish","4":"format-standard","5":"has-post-thumbnail","7":"category-destacado","8":"category-nacionales"},"_links":{"self":[{"href":"https:\/\/elluchador.info\/index.php?rest_route=\/wp\/v2\/posts\/139776","targetHints":{"allow":["GET"]}}],"collection":[{"href":"https:\/\/elluchador.info\/index.php?rest_route=\/wp\/v2\/posts"}],"about":[{"href":"https:\/\/elluchador.info\/index.php?rest_route=\/wp\/v2\/types\/post"}],"author":[{"embeddable":true,"href":"https:\/\/elluchador.info\/index.php?rest_route=\/wp\/v2\/users\/2"}],"replies":[{"embeddable":true,"href":"https:\/\/elluchador.info\/index.php?rest_route=%2Fwp%2Fv2%2Fcomments&post=139776"}],"version-history":[{"count":1,"href":"https:\/\/elluchador.info\/index.php?rest_route=\/wp\/v2\/posts\/139776\/revisions"}],"predecessor-version":[{"id":139780,"href":"https:\/\/elluchador.info\/index.php?rest_route=\/wp\/v2\/posts\/139776\/revisions\/139780"}],"wp:featuredmedia":[{"embeddable":true,"href":"https:\/\/elluchador.info\/index.php?rest_route=\/wp\/v2\/media\/139777"}],"wp:attachment":[{"href":"https:\/\/elluchador.info\/index.php?rest_route=%2Fwp%2Fv2%2Fmedia&parent=139776"}],"wp:term":[{"taxonomy":"category","embeddable":true,"href":"https:\/\/elluchador.info\/index.php?rest_route=%2Fwp%2Fv2%2Fcategories&post=139776"},{"taxonomy":"post_tag","embeddable":true,"href":"https:\/\/elluchador.info\/index.php?rest_route=%2Fwp%2Fv2%2Ftags&post=139776"}],"curies":[{"name":"wp","href":"https:\/\/api.w.org\/{rel}","templated":true}]}}