{"id":139795,"date":"2019-08-02T20:27:27","date_gmt":"2019-08-03T00:27:27","guid":{"rendered":"https:\/\/elluchador.info\/web\/?p=139795"},"modified":"2019-08-02T14:29:52","modified_gmt":"2019-08-02T18:29:52","slug":"13-reasons-why-terminara-con-su-cuarta-temporada","status":"publish","type":"post","link":"https:\/\/elluchador.info\/?p=139795","title":{"rendered":"13 Reasons Why terminar\u00e1 con su cuarta temporada"},"content":{"rendered":"\n<p>La serie de Netflix \u00ab13 Reasons Why\u00bb, cuya tercera temporada se estrenar\u00e1 el pr\u00f3ximo 23 de agosto, tendr\u00e1 una cuarta tanda de episodios antes de dar por finalizada su andadura, inform\u00f3 este viernes la plataforma digital en Twitter.<\/p>\n\n\n\n<p>Medios especializados como Variety o The Hollywood Reporter adelantaron hoy que esta \u00faltima temporada de \u00ab13 Reasons Why\u00bb relatar\u00e1 la graduaci\u00f3n de los estudiantes del instituto Liberty High School en torno a los que gira esta serie dram\u00e1tica y de misterio.<\/p>\n\n\n\n<p>Por el momento, no se ha dado a conocer el n\u00famero de episodios de la cuarta temporada de esta popular producci\u00f3n de Netflix, que caus\u00f3 una notable controversia por su tratamiento de los suicidios en la adolescencia.<\/p>\n\n\n\n<p>Adem\u00e1s de por el inminente lanzamiento de la tercera tanda (que constar\u00e1 de 13 cap\u00edtulos, que se emitir\u00e1n desde agosto), \u00ab13 Reasons Why\u00bb ha sido noticia recientemente por eliminar, dos a\u00f1os despu\u00e9s de su estreno, la escena del suicidio de un personaje que daba comienzo a la narraci\u00f3n de este show para la peque\u00f1a pantalla.<\/p>\n\n\n\n<p>\u00abMientras preparamos el lanzamiento de la tercera temporada para este verano, hemos seguido la conversaci\u00f3n que ha surgido en torno a la serie\u00bb, explic\u00f3 un representante de Netflix a mediados de julio.<\/p>\n\n\n\n<p>\u00abAs\u00ed que, bajo el consejo de m\u00e9dicos expertos, incluyendo a Christine Moutier, directora m\u00e9dica en la Fundaci\u00f3n Estadounidense para la Prevenci\u00f3n del Suicidio, hemos decidido (\u2026) editar la escena en la que Hannah se quita la vida en la primera temporada\u00bb, a\u00f1adi\u00f3.<\/p>\n\n\n\n<p>De esta forma, la escena en la que la protagonista, Hannah Baker, se suicida, una de las m\u00e1s importantes de toda la trama, fue modificada completamente por una secuencia en la que la adolescente se mira en el espejo y a continuaci\u00f3n el espectador presencia la reacci\u00f3n de sus padres al encontrarla muerta.<\/p>\n\n\n\n<p>Originalmente, este momento de la serie mostraba durante tres minutos el suicidio de Hannah en la ba\u00f1era.<\/p>\n\n\n\n<p>La historia narrada en \u00ab13 Reasons Why\u00bb se basa en una novela hom\u00f3nima escrita por Jay Asher y que inspir\u00f3 a Selena G\u00f3mez, como productora, y a Brian Yorkey, como creador, para adaptar la trama a la televisi\u00f3n.<\/p>\n\n\n\n<p>EFE<\/p>\n","protected":false},"excerpt":{"rendered":"<p>La serie de Netflix \u00ab13 Reasons Why\u00bb, cuya tercera temporada se estrenar\u00e1 el pr\u00f3ximo 23 de agosto, tendr\u00e1 una cuarta tanda de episodios antes de dar por finalizada su andadura, inform\u00f3 este viernes la plataforma digital en Twitter. Medios especializados como Variety o The Hollywood Reporter adelantaron hoy que esta \u00faltima temporada de \u00ab13 Reasons [&hellip;]<\/p>\n","protected":false},"author":2,"featured_media":139797,"comment_status":"closed","ping_status":"closed","sticky":false,"template":"","format":"standard","meta":{"footnotes":""},"categories":[7],"tags":[],"class_list":{"0":"post-139795","1":"post","2":"type-post","3":"status-publish","4":"format-standard","5":"has-post-thumbnail","7":"category-entretenimiento"},"_links":{"self":[{"href":"https:\/\/elluchador.info\/index.php?rest_route=\/wp\/v2\/posts\/139795","targetHints":{"allow":["GET"]}}],"collection":[{"href":"https:\/\/elluchador.info\/index.php?rest_route=\/wp\/v2\/posts"}],"about":[{"href":"https:\/\/elluchador.info\/index.php?rest_route=\/wp\/v2\/types\/post"}],"author":[{"embeddable":true,"href":"https:\/\/elluchador.info\/index.php?rest_route=\/wp\/v2\/users\/2"}],"replies":[{"embeddable":true,"href":"https:\/\/elluchador.info\/index.php?rest_route=%2Fwp%2Fv2%2Fcomments&post=139795"}],"version-history":[{"count":1,"href":"https:\/\/elluchador.info\/index.php?rest_route=\/wp\/v2\/posts\/139795\/revisions"}],"predecessor-version":[{"id":139798,"href":"https:\/\/elluchador.info\/index.php?rest_route=\/wp\/v2\/posts\/139795\/revisions\/139798"}],"wp:featuredmedia":[{"embeddable":true,"href":"https:\/\/elluchador.info\/index.php?rest_route=\/wp\/v2\/media\/139797"}],"wp:attachment":[{"href":"https:\/\/elluchador.info\/index.php?rest_route=%2Fwp%2Fv2%2Fmedia&parent=139795"}],"wp:term":[{"taxonomy":"category","embeddable":true,"href":"https:\/\/elluchador.info\/index.php?rest_route=%2Fwp%2Fv2%2Fcategories&post=139795"},{"taxonomy":"post_tag","embeddable":true,"href":"https:\/\/elluchador.info\/index.php?rest_route=%2Fwp%2Fv2%2Ftags&post=139795"}],"curies":[{"name":"wp","href":"https:\/\/api.w.org\/{rel}","templated":true}]}}